{"id":16846,"date":"2021-03-01T16:51:35","date_gmt":"2021-03-01T22:51:35","guid":{"rendered":"https:\/\/informativoelvalledeaguascalientes.online\/?p=16846"},"modified":"2021-03-01T16:51:35","modified_gmt":"2021-03-01T22:51:35","slug":"diputado-perredista-toma-protesta-como-presidente-del-congreso-del-estado","status":"publish","type":"post","link":"https:\/\/informativoelvalledeaguascalientes.online\/?p=16846","title":{"rendered":"Diputado perredista toma protesta como presidente del Congreso del Estado"},"content":{"rendered":"<p><strong>#informativoelvalledeaguascalientes , #novaradioaguascalientes<\/strong><\/p>\n<p>El diputado Jorge Saucedo Gayt\u00e1n se convierte en el primer representante del Partido de la Revoluci\u00f3n Democr\u00e1tica (PRD) en el Congreso del Estado de Aguascalientes, en ser nombrado presidente de la Mesa Directiva.<br \/>\nEsta ma\u00f1ana el diputado tom\u00f3 protesta como presidente para el segundo periodo ordinario de sesiones del tercer a\u00f1o de la actual legislatura. Comprometi\u00e9ndose a ser el m\u00e1ximo representante del Poder Legislativo, asignando correctamente las Comisiones a las nuevas iniciativas de reforma y\/o de ley, y as\u00ed evitar que temas de vital importancia no lleven un an\u00e1lisis adecuado a su eje tem\u00e1tico.<br \/>\nSaucedo Gayt\u00e1n buscar\u00e1 diversos acuerdos de trabajo con el Poder Judicial as\u00ed como con otras instancias en beneficio de la poblaci\u00f3n de Aguascalientes.<br \/>\nDesde la dirigencia estatal del PRD, se reitera la confianza en el legislador Jorge Saucedo Gayt\u00e1n, al ser un digno representante de la agenda de izquierda basada en los derechos humanos y las necesidades de todos los sectores.<\/p>\n","protected":false},"excerpt":{"rendered":"<p>#informativoelvalledeaguascalientes , #novaradioaguascalientes El diputado Jorge Saucedo Gayt\u00e1n se convierte en el primer representante del Partido de la Revoluci\u00f3n Democr\u00e1tica (PRD) en el Congreso del Estado de Aguascalientes, en ser nombrado presidente de la Mesa Directiva. Esta ma\u00f1ana el diputado tom\u00f3 protesta como presidente para el segundo periodo ordinario de sesiones del tercer a\u00f1o de [&hellip;]<\/p>\n","protected":false},"author":1,"featured_media":16847,"comment_status":"closed","ping_status":"open","sticky":false,"template":"","format":"standard","meta":{"advanced_seo_description":"","jetpack_seo_html_title":"","jetpack_seo_noindex":false,"_jetpack_memberships_contains_paid_content":false,"footnotes":"","jetpack_publicize_message":"","jetpack_publicize_feature_enabled":true,"jetpack_social_post_already_shared":true,"jetpack_social_options":{"image_generator_settings":{"template":"highway","default_image_id":0,"font":"","enabled":false},"version":2}},"categories":[21,8],"tags":[22,40],"class_list":["post-16846","post","type-post","status-publish","format-standard","has-post-thumbnail","hentry","category-aguascalientes","category-prd-aguascalientes","tag-aguascalientes","tag-prd-aguascalientes"],"jetpack_publicize_connections":[],"jetpack_featured_media_url":"https:\/\/i0.wp.com\/informativoelvalledeaguascalientes.online\/wp-content\/uploads\/2021\/03\/DipJorgeSaucedo2.jpg?fit=900%2C600&ssl=1","jetpack-related-posts":[],"jetpack_sharing_enabled":true,"jetpack_likes_enabled":true,"_links":{"self":[{"href":"https:\/\/informativoelvalledeaguascalientes.online\/index.php?rest_route=\/wp\/v2\/posts\/16846","targetHints":{"allow":["GET"]}}],"collection":[{"href":"https:\/\/informativoelvalledeaguascalientes.online\/index.php?rest_route=\/wp\/v2\/posts"}],"about":[{"href":"https:\/\/informativoelvalledeaguascalientes.online\/index.php?rest_route=\/wp\/v2\/types\/post"}],"author":[{"embeddable":true,"href":"https:\/\/informativoelvalledeaguascalientes.online\/index.php?rest_route=\/wp\/v2\/users\/1"}],"replies":[{"embeddable":true,"href":"https:\/\/informativoelvalledeaguascalientes.online\/index.php?rest_route=%2Fwp%2Fv2%2Fcomments&post=16846"}],"version-history":[{"count":1,"href":"https:\/\/informativoelvalledeaguascalientes.online\/index.php?rest_route=\/wp\/v2\/posts\/16846\/revisions"}],"predecessor-version":[{"id":16848,"href":"https:\/\/informativoelvalledeaguascalientes.online\/index.php?rest_route=\/wp\/v2\/posts\/16846\/revisions\/16848"}],"wp:featuredmedia":[{"embeddable":true,"href":"https:\/\/informativoelvalledeaguascalientes.online\/index.php?rest_route=\/wp\/v2\/media\/16847"}],"wp:attachment":[{"href":"https:\/\/informativoelvalledeaguascalientes.online\/index.php?rest_route=%2Fwp%2Fv2%2Fmedia&parent=16846"}],"wp:term":[{"taxonomy":"category","embeddable":true,"href":"https:\/\/informativoelvalledeaguascalientes.online\/index.php?rest_route=%2Fwp%2Fv2%2Fcategories&post=16846"},{"taxonomy":"post_tag","embeddable":true,"href":"https:\/\/informativoelvalledeaguascalientes.online\/index.php?rest_route=%2Fwp%2Fv2%2Ftags&post=16846"}],"curies":[{"name":"wp","href":"https:\/\/api.w.org\/{rel}","templated":true}]}}