{"id":16842,"date":"2021-03-01T16:55:47","date_gmt":"2021-03-01T22:55:47","guid":{"rendered":"https:\/\/informativoelvalledeaguascalientes.online\/?p=16842"},"modified":"2021-03-01T16:55:47","modified_gmt":"2021-03-01T22:55:47","slug":"iam-lanza-revista-digital-en-el-marco-del-dia-internacional-de-las-mujeres","status":"publish","type":"post","link":"https:\/\/informativoelvalledeaguascalientes.online\/?p=16842","title":{"rendered":"IAM LANZA REVISTA DIGITAL EN EL MARCO DEL D\u00cdA INTERNACIONAL DE LAS MUJERES"},"content":{"rendered":"<p><strong>#informativoelvalledeaguascalientes , #novaradioaguascalientes<\/strong><\/p>\n<p>La primera edici\u00f3n de la revista mujERES se lanza para conmemorar el 8 de marzo, habr\u00e1 una nueva edici\u00f3n cada dos meses<\/p>\n<p>En esta primera edici\u00f3n se abordar\u00e1n temas referentes al empoderamiento econ\u00f3mico de las mujeres<\/p>\n<p>El empoderamiento de las mujeres es una de las causas principales por las que trabaja el Instituto Aguascalentense de las Mujeres (IAM), por lo que la primera edici\u00f3n de la revista digital mujERES Aguascalientes abordar\u00e1 temas como su participaci\u00f3n en los sectores productivos y su relaci\u00f3n con el fortalecimiento de la econom\u00eda y la estabilidad social.<\/p>\n<p>As\u00ed lo dio a conocer Nancy Guti\u00e9rrez Ruvalcaba, titular del IAM, al presentar esta nueva revista digital del Instituto, que se publica el primero marzo, en el marco de la conmemoraci\u00f3n del D\u00eda Internacional de las Mujeres.<\/p>\n<p>El tema de la primera edici\u00f3n de la revista es \u201cEl Panorama Econ\u00f3mico de las Mujeres en Nuestro Estado\u201d, buscando resaltar la importancia del rol de la mujer en el desarrollo econ\u00f3mico de la entidad, as\u00ed como dotar de informaci\u00f3n de valor a las emprendedoras.<\/p>\n<p>Al interior de la revista se podr\u00e1n encontrar entrevistas a mujeres reconocidas en el \u00e1mbito empresarial y emprendedoras; consejos financieros y art\u00edculos que abordan los temas: El panorama econ\u00f3mico de las mujeres en Aguascalientes, violencia econ\u00f3mica de g\u00e9nero y los miedos a emprender.<\/p>\n<p>La revista mujERES Aguascalientes tendr\u00e1 una periodicidad bimestral y en cada edici\u00f3n se abordar\u00e1 un tema diferente; esta edici\u00f3n se podr\u00e1 encontrar a trav\u00e9s de las redes sociales del Instituto, o bien, en el siguiente link https:\/\/cutt.ly\/alX4F95<\/p>\n<p>&nbsp;<\/p>\n","protected":false},"excerpt":{"rendered":"<p>#informativoelvalledeaguascalientes , #novaradioaguascalientes La primera edici\u00f3n de la revista mujERES se lanza para conmemorar el 8 de marzo, habr\u00e1 una nueva edici\u00f3n cada dos meses En esta primera edici\u00f3n se abordar\u00e1n temas referentes al empoderamiento econ\u00f3mico de las mujeres El empoderamiento de las mujeres es una de las causas principales por las que trabaja el [&hellip;]<\/p>\n","protected":false},"author":1,"featured_media":16849,"comment_status":"closed","ping_status":"open","sticky":false,"template":"","format":"standard","meta":{"advanced_seo_description":"","jetpack_seo_html_title":"","jetpack_seo_noindex":false,"_jetpack_memberships_contains_paid_content":false,"footnotes":"","jetpack_publicize_message":"","jetpack_publicize_feature_enabled":true,"jetpack_social_post_already_shared":true,"jetpack_social_options":{"image_generator_settings":{"template":"highway","default_image_id":0,"font":"","enabled":false},"version":2}},"categories":[21,4],"tags":[22,57],"class_list":["post-16842","post","type-post","status-publish","format-standard","has-post-thumbnail","hentry","category-aguascalientes","category-gobierno-del-estado-aguascalientes","tag-aguascalientes","tag-iam"],"jetpack_publicize_connections":[],"jetpack_featured_media_url":"https:\/\/i0.wp.com\/informativoelvalledeaguascalientes.online\/wp-content\/uploads\/2021\/03\/REVISTA.png?fit=453%2C583&ssl=1","jetpack-related-posts":[],"jetpack_sharing_enabled":true,"jetpack_likes_enabled":true,"_links":{"self":[{"href":"https:\/\/informativoelvalledeaguascalientes.online\/index.php?rest_route=\/wp\/v2\/posts\/16842","targetHints":{"allow":["GET"]}}],"collection":[{"href":"https:\/\/informativoelvalledeaguascalientes.online\/index.php?rest_route=\/wp\/v2\/posts"}],"about":[{"href":"https:\/\/informativoelvalledeaguascalientes.online\/index.php?rest_route=\/wp\/v2\/types\/post"}],"author":[{"embeddable":true,"href":"https:\/\/informativoelvalledeaguascalientes.online\/index.php?rest_route=\/wp\/v2\/users\/1"}],"replies":[{"embeddable":true,"href":"https:\/\/informativoelvalledeaguascalientes.online\/index.php?rest_route=%2Fwp%2Fv2%2Fcomments&post=16842"}],"version-history":[{"count":1,"href":"https:\/\/informativoelvalledeaguascalientes.online\/index.php?rest_route=\/wp\/v2\/posts\/16842\/revisions"}],"predecessor-version":[{"id":16850,"href":"https:\/\/informativoelvalledeaguascalientes.online\/index.php?rest_route=\/wp\/v2\/posts\/16842\/revisions\/16850"}],"wp:featuredmedia":[{"embeddable":true,"href":"https:\/\/informativoelvalledeaguascalientes.online\/index.php?rest_route=\/wp\/v2\/media\/16849"}],"wp:attachment":[{"href":"https:\/\/informativoelvalledeaguascalientes.online\/index.php?rest_route=%2Fwp%2Fv2%2Fmedia&parent=16842"}],"wp:term":[{"taxonomy":"category","embeddable":true,"href":"https:\/\/informativoelvalledeaguascalientes.online\/index.php?rest_route=%2Fwp%2Fv2%2Fcategories&post=16842"},{"taxonomy":"post_tag","embeddable":true,"href":"https:\/\/informativoelvalledeaguascalientes.online\/index.php?rest_route=%2Fwp%2Fv2%2Ftags&post=16842"}],"curies":[{"name":"wp","href":"https:\/\/api.w.org\/{rel}","templated":true}]}}