{"id":16831,"date":"2021-03-01T15:50:28","date_gmt":"2021-03-01T21:50:28","guid":{"rendered":"https:\/\/informativoelvalledeaguascalientes.online\/?p=16831"},"modified":"2021-03-01T15:50:28","modified_gmt":"2021-03-01T21:50:28","slug":"municipio-de-aguascalientes-realizo-brigada-de-limpieza-en-pensadores-mexicanos","status":"publish","type":"post","link":"https:\/\/informativoelvalledeaguascalientes.online\/?p=16831","title":{"rendered":"MUNICIPIO DE AGUASCALIENTES REALIZ\u00d3 BRIGADA DE LIMPIEZA EN PENSADORES MEXICANOS"},"content":{"rendered":"<p><strong>#informativoelvalledeaguascalientes , #novaradioaguascalientes<\/strong><\/p>\n<p><strong>A trav\u00e9s del programa \u201cTodos Juntos Limpiemos Aguascalientes\u201d se desmalezaron y asearon 16 mil metros cuadrados de espacios p\u00fablicos<\/strong><\/p>\n<p>Dando continuidad al programa \u201cTodos Juntos Limpiemos Aguascalientes\u201d, el Municipio de la Capital intervino 16 mil metros cuadrados de espacios p\u00fablicos como camellones y bald\u00edos al oriente de la ciudad, en la colonia Pensadores Mexicanos.<\/p>\n<p>Desde temprana hora, personal de Servicios P\u00fablicos y de la Coordinaci\u00f3n General de Delegaciones Urbanas y Rurales, se dieron cita en la calle Ambrosio \u00a0Ver\u00e1stegui\u00a0 Guerrero, donde realizaron trabajos de desmalezado, rastrillado y papeleo, logrando recolectar 6 mil kilogramos de basura a los cuales se les dar\u00e1 tratamiento en el relleno sanitario de San Nicol\u00e1s.<\/p>\n<p>Adem\u00e1s, como parte del mantenimiento a \u00e1reas verdes se podaron 27 \u00e1rboles de la zona, para que contin\u00faen cumpliendo su funci\u00f3n de purificar el ambiente.<\/p>\n<p>Por la pandemia Covid-19 se reforzaron las acciones y medidas sanitarias durante estas jornadas que se llevan a cabo semanalmente en colonias y comunidades, para que los vecinos cuenten con \u00e1reas p\u00fablicas salubres y m\u00e1s seguras.<\/p>\n","protected":false},"excerpt":{"rendered":"<p>#informativoelvalledeaguascalientes , #novaradioaguascalientes A trav\u00e9s del programa \u201cTodos Juntos Limpiemos Aguascalientes\u201d se desmalezaron y asearon 16 mil metros cuadrados de espacios p\u00fablicos Dando continuidad al programa \u201cTodos Juntos Limpiemos Aguascalientes\u201d, el Municipio de la Capital intervino 16 mil metros cuadrados de espacios p\u00fablicos como camellones y bald\u00edos al oriente de la ciudad, en la colonia [&hellip;]<\/p>\n","protected":false},"author":1,"featured_media":16834,"comment_status":"closed","ping_status":"open","sticky":false,"template":"","format":"standard","meta":{"advanced_seo_description":"","jetpack_seo_html_title":"","jetpack_seo_noindex":false,"_jetpack_memberships_contains_paid_content":false,"footnotes":"","jetpack_publicize_message":"","jetpack_publicize_feature_enabled":true,"jetpack_social_post_already_shared":true,"jetpack_social_options":{"image_generator_settings":{"template":"highway","default_image_id":0,"font":"","enabled":false},"version":2}},"categories":[21,3],"tags":[22,25,139],"class_list":["post-16831","post","type-post","status-publish","format-standard","has-post-thumbnail","hentry","category-aguascalientes","category-municipio-aguascalientes","tag-aguascalientes","tag-mpio-aguascalientes","tag-mpio-aguascalientes-ssp"],"jetpack_publicize_connections":[],"jetpack_featured_media_url":"https:\/\/i0.wp.com\/informativoelvalledeaguascalientes.online\/wp-content\/uploads\/2021\/03\/SSP010321.jpg?fit=718%2C474&ssl=1","jetpack-related-posts":[],"jetpack_sharing_enabled":true,"jetpack_likes_enabled":true,"_links":{"self":[{"href":"https:\/\/informativoelvalledeaguascalientes.online\/index.php?rest_route=\/wp\/v2\/posts\/16831","targetHints":{"allow":["GET"]}}],"collection":[{"href":"https:\/\/informativoelvalledeaguascalientes.online\/index.php?rest_route=\/wp\/v2\/posts"}],"about":[{"href":"https:\/\/informativoelvalledeaguascalientes.online\/index.php?rest_route=\/wp\/v2\/types\/post"}],"author":[{"embeddable":true,"href":"https:\/\/informativoelvalledeaguascalientes.online\/index.php?rest_route=\/wp\/v2\/users\/1"}],"replies":[{"embeddable":true,"href":"https:\/\/informativoelvalledeaguascalientes.online\/index.php?rest_route=%2Fwp%2Fv2%2Fcomments&post=16831"}],"version-history":[{"count":1,"href":"https:\/\/informativoelvalledeaguascalientes.online\/index.php?rest_route=\/wp\/v2\/posts\/16831\/revisions"}],"predecessor-version":[{"id":16835,"href":"https:\/\/informativoelvalledeaguascalientes.online\/index.php?rest_route=\/wp\/v2\/posts\/16831\/revisions\/16835"}],"wp:featuredmedia":[{"embeddable":true,"href":"https:\/\/informativoelvalledeaguascalientes.online\/index.php?rest_route=\/wp\/v2\/media\/16834"}],"wp:attachment":[{"href":"https:\/\/informativoelvalledeaguascalientes.online\/index.php?rest_route=%2Fwp%2Fv2%2Fmedia&parent=16831"}],"wp:term":[{"taxonomy":"category","embeddable":true,"href":"https:\/\/informativoelvalledeaguascalientes.online\/index.php?rest_route=%2Fwp%2Fv2%2Fcategories&post=16831"},{"taxonomy":"post_tag","embeddable":true,"href":"https:\/\/informativoelvalledeaguascalientes.online\/index.php?rest_route=%2Fwp%2Fv2%2Ftags&post=16831"}],"curies":[{"name":"wp","href":"https:\/\/api.w.org\/{rel}","templated":true}]}}