{"id":1681,"date":"2020-01-13T20:51:26","date_gmt":"2020-01-14T02:51:26","guid":{"rendered":"http:\/\/informativoelvalledeaguascalientes.online\/?p=1681"},"modified":"2020-01-13T20:51:26","modified_gmt":"2020-01-14T02:51:26","slug":"postura-oficial-del-municipio-de-el-llano-sobre-los-mas-recientes-acontecimientos-de-seguridad-en-una-de-sus-comunidades","status":"publish","type":"post","link":"https:\/\/informativoelvalledeaguascalientes.online\/?p=1681","title":{"rendered":"Postura oficial del Municipio de El Llano sobre los m\u00e1s recientes acontecimientos de seguridad en una de sus comunidades:"},"content":{"rendered":"<p>El Ayuntamiento de El Llano encabezados por su Presidente Municipal Cezar Pedroza Ortega, lamenta profundamente los hechos ocurridos este domingo 12 de enero en la comunidad de Ojo de Agua de Crucitas y se une a la pena que embarga a las familias y los acompa\u00f1a en su dolor.<\/p>\n<p>Respecto al actuar de su corporaci\u00f3n policiaca, la indagaci\u00f3n de los hechos est\u00e1 en manos de la fiscal\u00eda y se brindaran todas las facilidades necesarias para que se lleve a cabo la integraci\u00f3n de la carpeta de investigaci\u00f3n apegada a derecho.<\/p>\n<p>Por el momento, no se est\u00e1 en posibilidades de hacer ning\u00fan se\u00f1alamiento, sin embargo, se puede garantizar que se estar\u00e1 trabajando para la paz y tranquilidad en todo El Llano.<\/p>\n","protected":false},"excerpt":{"rendered":"<p>El Ayuntamiento de El Llano encabezados por su Presidente Municipal Cezar Pedroza Ortega, lamenta profundamente los hechos ocurridos este domingo 12 de enero en la comunidad de Ojo de Agua de Crucitas y se une a la pena que embarga a las familias y los acompa\u00f1a en su dolor. Respecto al actuar de su corporaci\u00f3n [&hellip;]<\/p>\n","protected":false},"author":1,"featured_media":1682,"comment_status":"closed","ping_status":"open","sticky":false,"template":"","format":"standard","meta":{"advanced_seo_description":"","jetpack_seo_html_title":"","jetpack_seo_noindex":false,"_jetpack_memberships_contains_paid_content":false,"footnotes":"","jetpack_publicize_message":"","jetpack_publicize_feature_enabled":true,"jetpack_social_post_already_shared":false,"jetpack_social_options":{"image_generator_settings":{"template":"highway","default_image_id":0,"font":"","enabled":false},"version":2}},"categories":[21,17],"tags":[22,73],"class_list":["post-1681","post","type-post","status-publish","format-standard","has-post-thumbnail","hentry","category-aguascalientes","category-el-llano-aguascalientes","tag-aguascalientes","tag-el-llano-aguascalientes"],"jetpack_publicize_connections":[],"jetpack_featured_media_url":"https:\/\/i0.wp.com\/informativoelvalledeaguascalientes.online\/wp-content\/uploads\/2020\/01\/llano_luto_13012020.jpg?fit=554%2C554&ssl=1","jetpack-related-posts":[],"jetpack_sharing_enabled":true,"jetpack_likes_enabled":true,"_links":{"self":[{"href":"https:\/\/informativoelvalledeaguascalientes.online\/index.php?rest_route=\/wp\/v2\/posts\/1681","targetHints":{"allow":["GET"]}}],"collection":[{"href":"https:\/\/informativoelvalledeaguascalientes.online\/index.php?rest_route=\/wp\/v2\/posts"}],"about":[{"href":"https:\/\/informativoelvalledeaguascalientes.online\/index.php?rest_route=\/wp\/v2\/types\/post"}],"author":[{"embeddable":true,"href":"https:\/\/informativoelvalledeaguascalientes.online\/index.php?rest_route=\/wp\/v2\/users\/1"}],"replies":[{"embeddable":true,"href":"https:\/\/informativoelvalledeaguascalientes.online\/index.php?rest_route=%2Fwp%2Fv2%2Fcomments&post=1681"}],"version-history":[{"count":1,"href":"https:\/\/informativoelvalledeaguascalientes.online\/index.php?rest_route=\/wp\/v2\/posts\/1681\/revisions"}],"predecessor-version":[{"id":1683,"href":"https:\/\/informativoelvalledeaguascalientes.online\/index.php?rest_route=\/wp\/v2\/posts\/1681\/revisions\/1683"}],"wp:featuredmedia":[{"embeddable":true,"href":"https:\/\/informativoelvalledeaguascalientes.online\/index.php?rest_route=\/wp\/v2\/media\/1682"}],"wp:attachment":[{"href":"https:\/\/informativoelvalledeaguascalientes.online\/index.php?rest_route=%2Fwp%2Fv2%2Fmedia&parent=1681"}],"wp:term":[{"taxonomy":"category","embeddable":true,"href":"https:\/\/informativoelvalledeaguascalientes.online\/index.php?rest_route=%2Fwp%2Fv2%2Fcategories&post=1681"},{"taxonomy":"post_tag","embeddable":true,"href":"https:\/\/informativoelvalledeaguascalientes.online\/index.php?rest_route=%2Fwp%2Fv2%2Ftags&post=1681"}],"curies":[{"name":"wp","href":"https:\/\/api.w.org\/{rel}","templated":true}]}}