{"id":1678,"date":"2020-01-13T20:43:24","date_gmt":"2020-01-14T02:43:24","guid":{"rendered":"http:\/\/informativoelvalledeaguascalientes.online\/?p=1678"},"modified":"2020-01-13T20:43:24","modified_gmt":"2020-01-14T02:43:24","slug":"sefi-abre-nuevo-modulo-para-pago-de-control-vehicular-en-velaria-mall","status":"publish","type":"post","link":"https:\/\/informativoelvalledeaguascalientes.online\/?p=1678","title":{"rendered":"SEFI ABRE NUEVO M\u00d3DULO PARA PAGO DE CONTROL VEHICULAR EN VELARIA MALL"},"content":{"rendered":"<ul>\n<li><strong>\u00a0El nuevo m\u00f3dulo entra en vigencia a partir de este jueves 16 de enero.<br \/>\n<\/strong><\/li>\n<li><strong>Con horario de lunes a viernes de 8:00 de la ma\u00f1ana a 3:00 de la tarde y s\u00e1bados de 9:00 de la ma\u00f1ana a 2:00 de la tarde. \u00a0<\/strong><\/li>\n<li><strong>\u00a0Habr\u00e1 un 15%, 10%, y 5% de descuento en los primeros tres meses del presente a\u00f1o, respectivamente, en el pago de control vehicular.<\/strong><\/li>\n<\/ul>\n<p>En beneficio de los habitantes del sur de la ciudad, Luis Ricardo Mart\u00ednez Casta\u00f1eda, titular de la Secretar\u00eda de Finanzas del Estado (Sefi), anunci\u00f3 la apertura de un m\u00f3dulo m\u00e1s para el Pago de Control Vehicular 2020, ubicado en el Centro Comercial Velaria Mall con horario de lunes a viernes de 8:00 de la ma\u00f1ana a 3:00 de la tarde, y s\u00e1bados de 9:00 de la ma\u00f1ana a 2:00 de la tarde, \u00a0a partir de este jueves 16 de enero.<\/p>\n<p>El titular de la Sefi, explic\u00f3 que entre las acciones de atenci\u00f3n y servicio 2020, se busca implementar mecanismos de acercamiento, comodidad y mayor alcance para el beneficio de todas las familias de Aguascalientes.<\/p>\n<p>As\u00ed mismo, habr\u00e1 diferentes descuentos en los primeros tres meses del presente a\u00f1o; en enero se har\u00e1 un 15% de descuento, por lo que el costo ser\u00e1 de 595 pesos; en febrero se har\u00e1 un descuento del 10%, por lo que el precio ser\u00e1 630 pesos y en marzo habr\u00e1 una reducci\u00f3n del 5%, quedando en 665 pesos.<\/p>\n<p>Ricardo Mart\u00ednez reconoci\u00f3 a la poblaci\u00f3n de Aguascalientes, pues en lo que va del mes se han recaudado 19.3 millones de pesos,\u00a0 es decir un 35% m\u00e1s que en 2019, en el mismo periodo, con un promedio diario alrededor de 6 mil 283 recibos; contando con un padr\u00f3n vehicular actual\u00a0 de 601 mil 100 veh\u00edculos.<\/p>\n","protected":false},"excerpt":{"rendered":"<p>\u00a0El nuevo m\u00f3dulo entra en vigencia a partir de este jueves 16 de enero. Con horario de lunes a viernes de 8:00 de la ma\u00f1ana a 3:00 de la tarde y s\u00e1bados de 9:00 de la ma\u00f1ana a 2:00 de la tarde. \u00a0 \u00a0Habr\u00e1 un 15%, 10%, y 5% de descuento en los primeros tres [&hellip;]<\/p>\n","protected":false},"author":1,"featured_media":1679,"comment_status":"closed","ping_status":"open","sticky":false,"template":"","format":"standard","meta":{"advanced_seo_description":"","jetpack_seo_html_title":"","jetpack_seo_noindex":false,"_jetpack_memberships_contains_paid_content":false,"footnotes":"","jetpack_publicize_message":"","jetpack_publicize_feature_enabled":true,"jetpack_social_post_already_shared":false,"jetpack_social_options":{"image_generator_settings":{"template":"highway","default_image_id":0,"font":"","enabled":false},"version":2}},"categories":[21,4],"tags":[22,96],"class_list":["post-1678","post","type-post","status-publish","format-standard","has-post-thumbnail","hentry","category-aguascalientes","category-gobierno-del-estado-aguascalientes","tag-aguascalientes","tag-sefi"],"jetpack_publicize_connections":[],"jetpack_featured_media_url":"https:\/\/i0.wp.com\/informativoelvalledeaguascalientes.online\/wp-content\/uploads\/2020\/01\/gobierno_SEFI_13012020.jpeg?fit=888%2C1280&ssl=1","jetpack-related-posts":[],"jetpack_sharing_enabled":true,"jetpack_likes_enabled":true,"_links":{"self":[{"href":"https:\/\/informativoelvalledeaguascalientes.online\/index.php?rest_route=\/wp\/v2\/posts\/1678","targetHints":{"allow":["GET"]}}],"collection":[{"href":"https:\/\/informativoelvalledeaguascalientes.online\/index.php?rest_route=\/wp\/v2\/posts"}],"about":[{"href":"https:\/\/informativoelvalledeaguascalientes.online\/index.php?rest_route=\/wp\/v2\/types\/post"}],"author":[{"embeddable":true,"href":"https:\/\/informativoelvalledeaguascalientes.online\/index.php?rest_route=\/wp\/v2\/users\/1"}],"replies":[{"embeddable":true,"href":"https:\/\/informativoelvalledeaguascalientes.online\/index.php?rest_route=%2Fwp%2Fv2%2Fcomments&post=1678"}],"version-history":[{"count":1,"href":"https:\/\/informativoelvalledeaguascalientes.online\/index.php?rest_route=\/wp\/v2\/posts\/1678\/revisions"}],"predecessor-version":[{"id":1680,"href":"https:\/\/informativoelvalledeaguascalientes.online\/index.php?rest_route=\/wp\/v2\/posts\/1678\/revisions\/1680"}],"wp:featuredmedia":[{"embeddable":true,"href":"https:\/\/informativoelvalledeaguascalientes.online\/index.php?rest_route=\/wp\/v2\/media\/1679"}],"wp:attachment":[{"href":"https:\/\/informativoelvalledeaguascalientes.online\/index.php?rest_route=%2Fwp%2Fv2%2Fmedia&parent=1678"}],"wp:term":[{"taxonomy":"category","embeddable":true,"href":"https:\/\/informativoelvalledeaguascalientes.online\/index.php?rest_route=%2Fwp%2Fv2%2Fcategories&post=1678"},{"taxonomy":"post_tag","embeddable":true,"href":"https:\/\/informativoelvalledeaguascalientes.online\/index.php?rest_route=%2Fwp%2Fv2%2Ftags&post=1678"}],"curies":[{"name":"wp","href":"https:\/\/api.w.org\/{rel}","templated":true}]}}