{"id":16729,"date":"2021-02-25T21:43:30","date_gmt":"2021-02-26T03:43:30","guid":{"rendered":"https:\/\/informativoelvalledeaguascalientes.online\/?p=16729"},"modified":"2021-02-25T21:43:30","modified_gmt":"2021-02-26T03:43:30","slug":"inicio-la-construccion-de-la-tercera-etapa-del-complejo-turistico-santa-cruz-calvillo","status":"publish","type":"post","link":"https:\/\/informativoelvalledeaguascalientes.online\/?p=16729","title":{"rendered":"Inici\u00f3 la construcci\u00f3n de la tercera etapa del Complejo Tur\u00edstico Santa Cruz Calvillo"},"content":{"rendered":"<p style=\"font-weight: 400;\">#informativoelvalledeaguascalientes\u00a0 #novaradioaguascalientes<\/p>\n<p style=\"font-weight: 400;\">El Gobierno Municipal de Calvillo inici\u00f3 la construcci\u00f3n de la tercera etapa del Complejo Tur\u00edstico Santa Cruz Calvillo que incluir\u00e1 8 locales comerciales, una explanada, una rampa helicoidal, una galer\u00eda para nichos, un museo cristero y la escalera exterior de acceso a la explanada.<\/p>\n<p style=\"font-weight: 400;\">Esta semana iniciaron los trabajos de limpia, trazo y nivelaci\u00f3n de la tercera etapa; las obras est\u00e1n programadas para durar 120 d\u00edas.<\/p>\n<p style=\"font-weight: 400;\">En un encuentro con concesionarios de los locales comerciales y representantes de diversos sectores de la sociedad calvillense, Juan Carlos Cardona Esparza, secretario de Obras P\u00fablicas; y Jos\u00e9 Guadalupe Romo Silva, director de Proyectos Estrat\u00e9gicos, informaron que los trabajos referidos conforman el 30 por ciento restante del proyecto planeado por la Administraci\u00f3n Municipal 2019-2021.<\/p>\n<p style=\"font-weight: 400;\">Humberto Javier Montero de Alba, secretario de Turismo del Estado de Aguascalientes, destac\u00f3 la importancia del proyecto del Complejo Santa Cruz Calvillo para la atracci\u00f3n de turistas en el estado y en la regi\u00f3n centro-occidente; tambi\u00e9n se\u00f1al\u00f3 que la cruz monumental de casi 40 metros que ser\u00e1 el \u00edcono principal del complejo se convertir\u00e1 en un referente tur\u00edstico, incrementando la derrama econ\u00f3mica que ya se produce con el flujo constante de visitantes.<\/p>\n<p style=\"font-weight: 400;\">En representaci\u00f3n de los concesionarios de los locales comerciales del Complejo Tur\u00edstico Santa Cruz Calvillo, Alma Edith D\u00edaz de Le\u00f3n Esqueda, resalt\u00f3 la atinada visi\u00f3n del proyecto y la certidumbre que aportar\u00e1 a quienes invierten en el sector turismo, al tener en Calvillo un nuevo atractivo tur\u00edstico.<\/p>\n<p style=\"font-weight: 400;\">El Complejo Tur\u00edstico Santa Cruz Calvillo, que se construye en el Cerrito Alto, al poniente de la ciudad de Calvillo, se integra por dos zonas comerciales, un pante\u00f3n municipal con miles de espacios para nichos y osarios; y una explanada con mirador panor\u00e1mico.<\/p>\n","protected":false},"excerpt":{"rendered":"<p>#informativoelvalledeaguascalientes\u00a0 #novaradioaguascalientes El Gobierno Municipal de Calvillo inici\u00f3 la construcci\u00f3n de la tercera etapa del Complejo Tur\u00edstico Santa Cruz Calvillo que incluir\u00e1 8 locales comerciales, una explanada, una rampa helicoidal, una galer\u00eda para nichos, un museo cristero y la escalera exterior de acceso a la explanada. Esta semana iniciaron los trabajos de limpia, trazo y [&hellip;]<\/p>\n","protected":false},"author":1,"featured_media":16730,"comment_status":"closed","ping_status":"open","sticky":false,"template":"","format":"standard","meta":{"advanced_seo_description":"","jetpack_seo_html_title":"","jetpack_seo_noindex":false,"_jetpack_memberships_contains_paid_content":false,"footnotes":"","jetpack_publicize_message":"","jetpack_publicize_feature_enabled":true,"jetpack_social_post_already_shared":true,"jetpack_social_options":{"image_generator_settings":{"template":"highway","default_image_id":0,"font":"","enabled":false},"version":2}},"categories":[21,4],"tags":[22,29],"class_list":["post-16729","post","type-post","status-publish","format-standard","has-post-thumbnail","hentry","category-aguascalientes","category-gobierno-del-estado-aguascalientes","tag-aguascalientes","tag-calvillo-aguascalientes"],"jetpack_publicize_connections":[],"jetpack_featured_media_url":"https:\/\/i0.wp.com\/informativoelvalledeaguascalientes.online\/wp-content\/uploads\/2021\/02\/calvillo_santa_cruz_25022021.jpg?fit=417%2C625&ssl=1","jetpack-related-posts":[],"jetpack_sharing_enabled":true,"jetpack_likes_enabled":true,"_links":{"self":[{"href":"https:\/\/informativoelvalledeaguascalientes.online\/index.php?rest_route=\/wp\/v2\/posts\/16729","targetHints":{"allow":["GET"]}}],"collection":[{"href":"https:\/\/informativoelvalledeaguascalientes.online\/index.php?rest_route=\/wp\/v2\/posts"}],"about":[{"href":"https:\/\/informativoelvalledeaguascalientes.online\/index.php?rest_route=\/wp\/v2\/types\/post"}],"author":[{"embeddable":true,"href":"https:\/\/informativoelvalledeaguascalientes.online\/index.php?rest_route=\/wp\/v2\/users\/1"}],"replies":[{"embeddable":true,"href":"https:\/\/informativoelvalledeaguascalientes.online\/index.php?rest_route=%2Fwp%2Fv2%2Fcomments&post=16729"}],"version-history":[{"count":1,"href":"https:\/\/informativoelvalledeaguascalientes.online\/index.php?rest_route=\/wp\/v2\/posts\/16729\/revisions"}],"predecessor-version":[{"id":16731,"href":"https:\/\/informativoelvalledeaguascalientes.online\/index.php?rest_route=\/wp\/v2\/posts\/16729\/revisions\/16731"}],"wp:featuredmedia":[{"embeddable":true,"href":"https:\/\/informativoelvalledeaguascalientes.online\/index.php?rest_route=\/wp\/v2\/media\/16730"}],"wp:attachment":[{"href":"https:\/\/informativoelvalledeaguascalientes.online\/index.php?rest_route=%2Fwp%2Fv2%2Fmedia&parent=16729"}],"wp:term":[{"taxonomy":"category","embeddable":true,"href":"https:\/\/informativoelvalledeaguascalientes.online\/index.php?rest_route=%2Fwp%2Fv2%2Fcategories&post=16729"},{"taxonomy":"post_tag","embeddable":true,"href":"https:\/\/informativoelvalledeaguascalientes.online\/index.php?rest_route=%2Fwp%2Fv2%2Ftags&post=16729"}],"curies":[{"name":"wp","href":"https:\/\/api.w.org\/{rel}","templated":true}]}}