{"id":16713,"date":"2021-02-25T14:02:57","date_gmt":"2021-02-25T20:02:57","guid":{"rendered":"https:\/\/informativoelvalledeaguascalientes.online\/?p=16713"},"modified":"2021-02-25T14:02:57","modified_gmt":"2021-02-25T20:02:57","slug":"ley-apagon-un-golpe-a-los-bolsillos-de-todas-y-todos-los-mexicanos-tono-martin-del-campo","status":"publish","type":"post","link":"https:\/\/informativoelvalledeaguascalientes.online\/?p=16713","title":{"rendered":"\u201cLEY APAG\u00d3N\u201d UN GOLPE A LOS BOLSILLOS DE TODAS Y TODOS LOS MEXICANOS: TO\u00d1O MART\u00cdN DEL CAMPO"},"content":{"rendered":"<p><strong>#informativoelvalledeaguascalientes , #novaradioaguascalientes<br \/>\n<\/strong><\/p>\n<ul>\n<li aria-level=\"1\"><b>To\u00f1o manifiesta apoyo total al sector empresarial<\/b><\/li>\n<\/ul>\n<p><b><\/b><br \/>\n<b><\/b><\/p>\n<ul>\n<li aria-level=\"1\"><b>Manifest\u00f3 estar en contra de la \u201cLey Apag\u00f3n\u201d que pretende imponer el Ejecutivo Federal<\/b><\/li>\n<\/ul>\n<p><b><\/b><br \/>\n<b><\/b><\/p>\n<ul>\n<li aria-level=\"1\"><b>De aprobarse el pa\u00eds tendr\u00e1 un retroceso en materia energ\u00e9tica<\/b><\/li>\n<\/ul>\n<p>&nbsp;<\/p>\n<p><span style=\"font-weight: 400;\">To\u00f1o Mart\u00edn del Campo ofreci\u00f3 todo el apoyo a empresarios de Aguascalientes para tratar de frenar la iniciativa para cambiar la reforma energ\u00e9tica presentada por el Ejecutivo Federal, ya que entiende que es un retroceso en la econom\u00eda en todo el sentido de la palabra.\u00a0<\/span><\/p>\n<p><span style=\"font-weight: 400;\">El Senador por Aguascalientes, mantuvo una reuni\u00f3n virtual con Juan Manuel \u00c1vila, presidente de COPARMEX en Aguascalientes, quien a nombre de los empresarios de la entidad manifest\u00f3 la preocupaci\u00f3n ante la aprobaci\u00f3n de la llamada \u201cLey Apag\u00f3n\u201d recientemente aprobada en la C\u00e1mara de Diputados y en los pr\u00f3ximos d\u00edas estar\u00e1 a discusi\u00f3n en la C\u00e1mara Alta. Dejando en claro que las acciones no son las que se necesitan para el futuro del pa\u00eds en temas de energ\u00eda.<\/span><\/p>\n<p><i><span style=\"font-weight: 400;\">\u00a0\u201cSabemos que la puesta a futuro no es por ah\u00ed. Cuando hacemos un an\u00e1lisis de d\u00f3nde estamos parados hoy en M\u00e9xico, d\u00f3nde est\u00e1 parado el gobierno federal, pues hay que hacernos una pregunta \u00bflas acciones que est\u00e1 tomando el gobierno federal hoy, ven al futuro o est\u00e1n anquilosadas al pasado?\u201d<\/span><\/i><\/p>\n<p><span style=\"font-weight: 400;\">Asimismo el\u00a0 Senador blanquiazul destac\u00f3 que buscar\u00e1n la manera de frenar la iniciativa, comentando\u00a0 que buscaran reunir los votos necesarios para que esta iniciativa no prospere, ya que coincide que ser\u00eda un\u00a0 gran retroceso en materia energ\u00e9tica de nuestro pa\u00eds as\u00ed como sabe de los problemas que tendr\u00edan no solamente los empresarios, si no los ciudadanos en general, ya que al aprobarse ser\u00eda un duro golpe para los bolsillos de todas y todos los mexicanos por el\u00a0 incremento de los costos de\u00a0 la energ\u00eda el\u00e9ctrica.\u00a0<\/span><\/p>\n<p>&nbsp;<\/p>\n<p><i><span style=\"font-weight: 400;\">\u201cTengan por seguro que, en este caso mis compa\u00f1eros de Acci\u00f3n Nacional, vamos a votar en contra ya que sabemos que esta ley en lugar de beneficiar, traer\u00eda grandes problemas econ\u00f3micos y da\u00f1os al medio ambiente de nuestro pa\u00eds\u201d.\u00a0<\/span><\/i><\/p>\n<p>&nbsp;<\/p>\n<p><span style=\"font-weight: 400;\">Destac\u00f3 que este gobierno est\u00e1 obsesionado con el petr\u00f3leo y que de las refiner\u00edas mexicanas sale m\u00e1s combust\u00f3leo, del cual, no se puede hacer gran negocio de \u00e9l comentando que el 46% de lo que sale es combust\u00f3leo.\u00a0<\/span><\/p>\n<p><i><span style=\"font-weight: 400;\">\u201cEl combust\u00f3leo mexicano es alto en azufre, tiene un componente de azufre de m\u00e1s del 15% la norma que sali\u00f3 el 1 de enero del 2019, es una norma mundial mar\u00edtima para el uso de combust\u00f3leo en embarcaciones y pide que tengas un componente bajo de azufre. Entonces, no hay manera de darle uso en transporte mar\u00edtimo.\u201d<\/span><\/i><\/p>\n<p>&nbsp;<\/p>\n<p><span style=\"font-weight: 400;\">Mencionando tambi\u00e9n que lo \u00fanico que se puede hacer es mezclarlo con otros crudos m\u00e1s ligeros para poder hacer la dieta que le llaman, el balance en el proceso de refinaci\u00f3n. Fuera de eso no tiene otro uso. En el caso del combust\u00f3leo, es un componente, por la forma en que se trabaja para generar electricidad con \u00e9l, pues te manda los precios de la energ\u00eda a mil 300, mil 500, mil 600 pesos. Entonces estamos hablando que est\u00e1 entre 5 veces o 7 veces m\u00e1s caro el uso del combust\u00f3leo. Y es donde vemos que el presidente no ha hecho raz\u00f3n.<\/span><\/p>\n<p>&nbsp;<\/p>\n<p><span style=\"font-weight: 400;\">Por \u00faltimo, To\u00f1o expres\u00f3 que en caso de que los legisladores del Morena ejerzan su mayor\u00eda y como es costumbre le aprueben todos sus caprichos al Gobierno federal y autoricen esta ley, el junto con sus compa\u00f1eras y compa\u00f1eros de bancada llevar\u00e1n el caso hasta donde sea necesario ya que esta ley esta inspirada en pol\u00edticas de los a\u00f1os 70s.\u00a0<\/span><\/p>\n<p>&nbsp;<\/p>\n","protected":false},"excerpt":{"rendered":"<p>#informativoelvalledeaguascalientes , #novaradioaguascalientes To\u00f1o manifiesta apoyo total al sector empresarial Manifest\u00f3 estar en contra de la \u201cLey Apag\u00f3n\u201d que pretende imponer el Ejecutivo Federal De aprobarse el pa\u00eds tendr\u00e1 un retroceso en materia energ\u00e9tica &nbsp; To\u00f1o Mart\u00edn del Campo ofreci\u00f3 todo el apoyo a empresarios de Aguascalientes para tratar de frenar la iniciativa para cambiar [&hellip;]<\/p>\n","protected":false},"author":1,"featured_media":16714,"comment_status":"closed","ping_status":"open","sticky":false,"template":"","format":"standard","meta":{"advanced_seo_description":"","jetpack_seo_html_title":"","jetpack_seo_noindex":false,"_jetpack_memberships_contains_paid_content":false,"footnotes":"","jetpack_publicize_message":"","jetpack_publicize_feature_enabled":true,"jetpack_social_post_already_shared":true,"jetpack_social_options":{"image_generator_settings":{"template":"highway","default_image_id":0,"font":"","enabled":false},"version":2}},"categories":[21,7],"tags":[22,23,49],"class_list":["post-16713","post","type-post","status-publish","format-standard","has-post-thumbnail","hentry","category-aguascalientes","category-pan-aguascalientes","tag-aguascalientes","tag-pan-aguascalientes","tag-tono-martin-del-campo"],"jetpack_publicize_connections":[],"jetpack_featured_media_url":"https:\/\/i0.wp.com\/informativoelvalledeaguascalientes.online\/wp-content\/uploads\/2021\/02\/Tono-Martin-del-Campo-2.jpeg?fit=1024%2C700&ssl=1","jetpack-related-posts":[],"jetpack_sharing_enabled":true,"jetpack_likes_enabled":true,"_links":{"self":[{"href":"https:\/\/informativoelvalledeaguascalientes.online\/index.php?rest_route=\/wp\/v2\/posts\/16713","targetHints":{"allow":["GET"]}}],"collection":[{"href":"https:\/\/informativoelvalledeaguascalientes.online\/index.php?rest_route=\/wp\/v2\/posts"}],"about":[{"href":"https:\/\/informativoelvalledeaguascalientes.online\/index.php?rest_route=\/wp\/v2\/types\/post"}],"author":[{"embeddable":true,"href":"https:\/\/informativoelvalledeaguascalientes.online\/index.php?rest_route=\/wp\/v2\/users\/1"}],"replies":[{"embeddable":true,"href":"https:\/\/informativoelvalledeaguascalientes.online\/index.php?rest_route=%2Fwp%2Fv2%2Fcomments&post=16713"}],"version-history":[{"count":1,"href":"https:\/\/informativoelvalledeaguascalientes.online\/index.php?rest_route=\/wp\/v2\/posts\/16713\/revisions"}],"predecessor-version":[{"id":16715,"href":"https:\/\/informativoelvalledeaguascalientes.online\/index.php?rest_route=\/wp\/v2\/posts\/16713\/revisions\/16715"}],"wp:featuredmedia":[{"embeddable":true,"href":"https:\/\/informativoelvalledeaguascalientes.online\/index.php?rest_route=\/wp\/v2\/media\/16714"}],"wp:attachment":[{"href":"https:\/\/informativoelvalledeaguascalientes.online\/index.php?rest_route=%2Fwp%2Fv2%2Fmedia&parent=16713"}],"wp:term":[{"taxonomy":"category","embeddable":true,"href":"https:\/\/informativoelvalledeaguascalientes.online\/index.php?rest_route=%2Fwp%2Fv2%2Fcategories&post=16713"},{"taxonomy":"post_tag","embeddable":true,"href":"https:\/\/informativoelvalledeaguascalientes.online\/index.php?rest_route=%2Fwp%2Fv2%2Ftags&post=16713"}],"curies":[{"name":"wp","href":"https:\/\/api.w.org\/{rel}","templated":true}]}}