{"id":16618,"date":"2021-02-22T21:18:34","date_gmt":"2021-02-23T03:18:34","guid":{"rendered":"https:\/\/informativoelvalledeaguascalientes.online\/?p=16618"},"modified":"2021-02-22T21:18:34","modified_gmt":"2021-02-23T03:18:34","slug":"iaju-sostiene-primera-reunion-del-2021-con-instancias-municipales-de-la-juventud","status":"publish","type":"post","link":"https:\/\/informativoelvalledeaguascalientes.online\/?p=16618","title":{"rendered":"IAJU SOSTIENE PRIMERA REUNI\u00d3N DEL 2021 CON INSTANCIAS MUNICIPALES DE LA JUVENTUD"},"content":{"rendered":"<p>#informativoelvalledeaguascalientes , #novaradioaguascalientes<\/p>\n<ul>\n<li dir=\"ltr\">\n<p dir=\"ltr\">Se presentaron resultados de la encuesta J\u00f3venes 2045 realizada en coordinaci\u00f3n con la CPLAP<\/p>\n<\/li>\n<li dir=\"ltr\">\n<p dir=\"ltr\">Cada instancia municipal habl\u00f3 sobre los proyectos que se ejecutar\u00e1n durante 2021 en beneficio de las juventudes<\/p>\n<\/li>\n<\/ul>\n<p>&nbsp;<\/p>\n<p dir=\"ltr\">El Instituto Aguascalentense de la Juventud (IAJU) realiz\u00f3 la primera reuni\u00f3n de Estrechando Lazos 2021 con las Instancias Municipales de la Juventud, a fin de dar a conocer los resultados de la encuesta J\u00f3venes 2045 realizada entre las juventudes de Aguascalientes en colaboraci\u00f3n con la Coordinaci\u00f3n General de Planeaci\u00f3n y Proyectos (CPLAP).<\/p>\n<p dir=\"ltr\">La titular de IAJU, Ruth Guzm\u00e1n Cuevas, mencion\u00f3 que los resultados obtenidos son un diagn\u00f3stico para conocer las expectativas que tienen las y los j\u00f3venes sobre c\u00f3mo construir el Aguascalientes del futuro, y as\u00ed poder establecer las pol\u00edticas p\u00fablicas con visi\u00f3n j\u00f3ven y que abonen a su pleno desarrollo, en apego a la agenda 2045 de Gobierno del Estado.<\/p>\n<p dir=\"ltr\">En la presentaci\u00f3n de resultados, V\u00edctor Eduardo Guerra Ru\u00edz, director general de Planeaci\u00f3n y Evaluaci\u00f3n Institucional de CPLAP, destac\u00f3 que 9 de cada 10 j\u00f3venes entrevistados est\u00e1n estudiando; sin embargo, dijo, en el rubro de deserci\u00f3n escolar, los resultados arrojan que casi 30 por ciento dej\u00f3 de estudiar por no contar con recursos econ\u00f3micos.<\/p>\n<p dir=\"ltr\">La encuesta tambi\u00e9n arroj\u00f3 que en Aguascalientes 8 de cada 10 entrevistados, de entre 12 y 29 a\u00f1os, tiene como plan de vida formar una familia.<\/p>\n<p dir=\"ltr\">Asimismo, durante la reuni\u00f3n, cada titular de las Instancias Municipales de la Juventud dieron a conocer su plan de trabajo y los proyectos que se tienen planeados ejecutar el presente a\u00f1o, a favor de las juventudes.<\/p>\n<p dir=\"ltr\">Finalmente, Ruth Guzm\u00e1n agradeci\u00f3 a cada titular su activa participaci\u00f3n, pues asegur\u00f3 que las reuniones permiten dialogar sobre los proyectos o mejoras que necesitan las pol\u00edticas p\u00fablicas para estar cerca de las y los j\u00f3venes de todo el estado, buscando establecer las bases para mejorar el futuro de Aguascalientes.<\/p>\n","protected":false},"excerpt":{"rendered":"<p>#informativoelvalledeaguascalientes , #novaradioaguascalientes Se presentaron resultados de la encuesta J\u00f3venes 2045 realizada en coordinaci\u00f3n con la CPLAP Cada instancia municipal habl\u00f3 sobre los proyectos que se ejecutar\u00e1n durante 2021 en beneficio de las juventudes &nbsp; El Instituto Aguascalentense de la Juventud (IAJU) realiz\u00f3 la primera reuni\u00f3n de Estrechando Lazos 2021 con las Instancias Municipales de [&hellip;]<\/p>\n","protected":false},"author":1,"featured_media":16619,"comment_status":"closed","ping_status":"open","sticky":false,"template":"","format":"standard","meta":{"advanced_seo_description":"","jetpack_seo_html_title":"","jetpack_seo_noindex":false,"_jetpack_memberships_contains_paid_content":false,"footnotes":"","jetpack_publicize_message":"","jetpack_publicize_feature_enabled":true,"jetpack_social_post_already_shared":true,"jetpack_social_options":{"image_generator_settings":{"template":"highway","default_image_id":0,"font":"","enabled":false},"version":2}},"categories":[21,4],"tags":[22,35],"class_list":["post-16618","post","type-post","status-publish","format-standard","has-post-thumbnail","hentry","category-aguascalientes","category-gobierno-del-estado-aguascalientes","tag-aguascalientes","tag-iaju"],"jetpack_publicize_connections":[],"jetpack_featured_media_url":"https:\/\/i0.wp.com\/informativoelvalledeaguascalientes.online\/wp-content\/uploads\/2021\/02\/iaju_22022021-scaled.jpg?fit=2560%2C1707&ssl=1","jetpack-related-posts":[],"jetpack_sharing_enabled":true,"jetpack_likes_enabled":true,"_links":{"self":[{"href":"https:\/\/informativoelvalledeaguascalientes.online\/index.php?rest_route=\/wp\/v2\/posts\/16618","targetHints":{"allow":["GET"]}}],"collection":[{"href":"https:\/\/informativoelvalledeaguascalientes.online\/index.php?rest_route=\/wp\/v2\/posts"}],"about":[{"href":"https:\/\/informativoelvalledeaguascalientes.online\/index.php?rest_route=\/wp\/v2\/types\/post"}],"author":[{"embeddable":true,"href":"https:\/\/informativoelvalledeaguascalientes.online\/index.php?rest_route=\/wp\/v2\/users\/1"}],"replies":[{"embeddable":true,"href":"https:\/\/informativoelvalledeaguascalientes.online\/index.php?rest_route=%2Fwp%2Fv2%2Fcomments&post=16618"}],"version-history":[{"count":1,"href":"https:\/\/informativoelvalledeaguascalientes.online\/index.php?rest_route=\/wp\/v2\/posts\/16618\/revisions"}],"predecessor-version":[{"id":16620,"href":"https:\/\/informativoelvalledeaguascalientes.online\/index.php?rest_route=\/wp\/v2\/posts\/16618\/revisions\/16620"}],"wp:featuredmedia":[{"embeddable":true,"href":"https:\/\/informativoelvalledeaguascalientes.online\/index.php?rest_route=\/wp\/v2\/media\/16619"}],"wp:attachment":[{"href":"https:\/\/informativoelvalledeaguascalientes.online\/index.php?rest_route=%2Fwp%2Fv2%2Fmedia&parent=16618"}],"wp:term":[{"taxonomy":"category","embeddable":true,"href":"https:\/\/informativoelvalledeaguascalientes.online\/index.php?rest_route=%2Fwp%2Fv2%2Fcategories&post=16618"},{"taxonomy":"post_tag","embeddable":true,"href":"https:\/\/informativoelvalledeaguascalientes.online\/index.php?rest_route=%2Fwp%2Fv2%2Ftags&post=16618"}],"curies":[{"name":"wp","href":"https:\/\/api.w.org\/{rel}","templated":true}]}}