{"id":16583,"date":"2021-02-21T16:40:34","date_gmt":"2021-02-21T22:40:34","guid":{"rendered":"https:\/\/informativoelvalledeaguascalientes.online\/?p=16583"},"modified":"2021-02-21T16:40:34","modified_gmt":"2021-02-21T22:40:34","slug":"imprescindible-expedir-una-ley-que-regule-apoyos-a-jovenes-emprendedores-y-facilite-su-incorporacion-al-mercado-laboral-diputada-norma-guel","status":"publish","type":"post","link":"https:\/\/informativoelvalledeaguascalientes.online\/?p=16583","title":{"rendered":"IMPRESCINDIBLE EXPEDIR UNA LEY QUE REGULE APOYOS A J\u00d3VENES EMPRENDEDORES Y FACILITE SU INCORPORACI\u00d3N AL MERCADO LABORAL: DIPUTADA NORMA GUEL"},"content":{"rendered":"<p style=\"font-weight: 400;\">#informativoelvalledeaguascalientes , #novaradioaguascalientes<\/p>\n<p style=\"font-weight: 400;\">La diputada federal del PRI, Norma Guel Sald\u00edvar, propuso expedir la Ley del Fondo para el Fomento para el Desarrollo de los J\u00f3venes Emprendedores, a fin de promover el empleo en condiciones de competencia e igualdad de oportunidades.<\/p>\n<p style=\"font-weight: 400;\">\n<p style=\"font-weight: 400;\">\u201cLos j\u00f3venes tienen una fuerte presencia en el pa\u00eds y resulta ser el sector m\u00e1s olvidado y afectado a la hora de elaborar pol\u00edticas p\u00fablicas. La finalidad de la iniciativa es motivarlos a desarrollar ideas de negocio y que se incorporen al mercado laboral\u201d, expuso.<\/p>\n<p style=\"font-weight: 400;\">\n<p style=\"font-weight: 400;\">La legislaci\u00f3n impulsa la formaci\u00f3n de emprendedores, en coordinaci\u00f3n con el gobierno federal, las instituciones educativas y las c\u00e1maras empresariales, y obliga al Estado a poner en marcha pol\u00edticas financieras y fiscales, as\u00ed como programas de capacitaci\u00f3n y asesor\u00eda.<\/p>\n<p style=\"font-weight: 400;\">\n<p style=\"font-weight: 400;\">La iniciativa de ley propone crear un Fondo de Promoci\u00f3n, Impulso y Fomento al Joven Emprendedor con recursos asignados en el Presupuesto de Egresos de la Federaci\u00f3n para el ejercicio fiscal correspondiente y ser\u00e1 la Secretar\u00eda de Econom\u00eda quien administre y entregue los cr\u00e9ditos del fondo.<\/p>\n<p style=\"font-weight: 400;\">\n<p style=\"font-weight: 400;\">La Secretar\u00eda del Trabajo y Previsi\u00f3n Social deber\u00e1 promover y desarrollar programas de capacitaci\u00f3n al emprendimiento, el manejo de las relaciones obrero-patronales, cultura laboral, f\u00edsica y jur\u00eddico administrativa; asimismo, impulsar\u00e1 la aplicaci\u00f3n de modelos de calidad y asesorar a los emprendedores para aumentar competitividad, productividad y empleos.<\/p>\n<p style=\"font-weight: 400;\">\n<p style=\"font-weight: 400;\">En tanto, el Instituto Mexicano de la Juventud deber\u00e1 facilitar el proceso de incubaci\u00f3n de las nuevas empresas, apoy\u00e1ndose en el fondo de impulso a proyectos de emprendedores y tiene la misi\u00f3n de difundir entre la poblaci\u00f3n joven los apoyos del gobierno federal.<\/p>\n<p style=\"font-weight: 400;\">\n<p style=\"font-weight: 400;\">La diputada del estado de Aguascalientes, reconoci\u00f3 que el sector juvenil enfrenta muchas restricciones y prejuicios como la inexperiencia e inmadurez, que impiden forjar su vida laboral.<\/p>\n<p style=\"font-weight: 400;\">\n<p style=\"font-weight: 400;\">Con base en cifras del Instituto Nacional de Estad\u00edstica y Geograf\u00eda, hasta agosto de 2020 se ten\u00eda estimado que en M\u00e9xico hay 30.6 millones de mexicanos de entre 15 a 29 a\u00f1os, que representan 25.7 por ciento de la poblaci\u00f3n.<\/p>\n<p style=\"font-weight: 400;\">\n<p style=\"font-weight: 400;\">La \u00faltima Encuesta Nacional de Ocupaci\u00f3n de Empleo (ENDE) report\u00f3 en este rango de edad, una tasa de desempleo de 18 por ciento y con la pandemia del Covid-19, es el sector m\u00e1s afectado, ya que entre marzo y diciembre de 2020, 440 mil 47 j\u00f3venes perdieron el empleo formal y no han logrado recuperarlo.<\/p>\n","protected":false},"excerpt":{"rendered":"<p>#informativoelvalledeaguascalientes , #novaradioaguascalientes La diputada federal del PRI, Norma Guel Sald\u00edvar, propuso expedir la Ley del Fondo para el Fomento para el Desarrollo de los J\u00f3venes Emprendedores, a fin de promover el empleo en condiciones de competencia e igualdad de oportunidades. \u201cLos j\u00f3venes tienen una fuerte presencia en el pa\u00eds y resulta ser el sector [&hellip;]<\/p>\n","protected":false},"author":1,"featured_media":16584,"comment_status":"closed","ping_status":"open","sticky":false,"template":"","format":"standard","meta":{"advanced_seo_description":"","jetpack_seo_html_title":"","jetpack_seo_noindex":false,"_jetpack_memberships_contains_paid_content":false,"footnotes":"","jetpack_publicize_message":"","jetpack_publicize_feature_enabled":true,"jetpack_social_post_already_shared":true,"jetpack_social_options":{"image_generator_settings":{"template":"highway","default_image_id":0,"font":"","enabled":false},"version":2}},"categories":[21,19,6,9],"tags":[22,91],"class_list":["post-16583","post","type-post","status-publish","format-standard","has-post-thumbnail","hentry","category-aguascalientes","category-informacion-general","category-partidos-politicos","category-pri-aguascalientes","tag-aguascalientes","tag-pri-aguascalientes"],"jetpack_publicize_connections":[],"jetpack_featured_media_url":"https:\/\/i0.wp.com\/informativoelvalledeaguascalientes.online\/wp-content\/uploads\/2021\/02\/pri_ags_norma_guel_21022021.jpg?fit=746%2C568&ssl=1","jetpack-related-posts":[],"jetpack_sharing_enabled":true,"jetpack_likes_enabled":true,"_links":{"self":[{"href":"https:\/\/informativoelvalledeaguascalientes.online\/index.php?rest_route=\/wp\/v2\/posts\/16583","targetHints":{"allow":["GET"]}}],"collection":[{"href":"https:\/\/informativoelvalledeaguascalientes.online\/index.php?rest_route=\/wp\/v2\/posts"}],"about":[{"href":"https:\/\/informativoelvalledeaguascalientes.online\/index.php?rest_route=\/wp\/v2\/types\/post"}],"author":[{"embeddable":true,"href":"https:\/\/informativoelvalledeaguascalientes.online\/index.php?rest_route=\/wp\/v2\/users\/1"}],"replies":[{"embeddable":true,"href":"https:\/\/informativoelvalledeaguascalientes.online\/index.php?rest_route=%2Fwp%2Fv2%2Fcomments&post=16583"}],"version-history":[{"count":1,"href":"https:\/\/informativoelvalledeaguascalientes.online\/index.php?rest_route=\/wp\/v2\/posts\/16583\/revisions"}],"predecessor-version":[{"id":16585,"href":"https:\/\/informativoelvalledeaguascalientes.online\/index.php?rest_route=\/wp\/v2\/posts\/16583\/revisions\/16585"}],"wp:featuredmedia":[{"embeddable":true,"href":"https:\/\/informativoelvalledeaguascalientes.online\/index.php?rest_route=\/wp\/v2\/media\/16584"}],"wp:attachment":[{"href":"https:\/\/informativoelvalledeaguascalientes.online\/index.php?rest_route=%2Fwp%2Fv2%2Fmedia&parent=16583"}],"wp:term":[{"taxonomy":"category","embeddable":true,"href":"https:\/\/informativoelvalledeaguascalientes.online\/index.php?rest_route=%2Fwp%2Fv2%2Fcategories&post=16583"},{"taxonomy":"post_tag","embeddable":true,"href":"https:\/\/informativoelvalledeaguascalientes.online\/index.php?rest_route=%2Fwp%2Fv2%2Ftags&post=16583"}],"curies":[{"name":"wp","href":"https:\/\/api.w.org\/{rel}","templated":true}]}}