{"id":16541,"date":"2021-02-19T16:04:43","date_gmt":"2021-02-19T22:04:43","guid":{"rendered":"https:\/\/informativoelvalledeaguascalientes.online\/?p=16541"},"modified":"2021-02-19T16:04:43","modified_gmt":"2021-02-19T22:04:43","slug":"urge-dar-un-giro-al-modelo-energetico-nacional-martin-orozco-sandoval","status":"publish","type":"post","link":"https:\/\/informativoelvalledeaguascalientes.online\/?p=16541","title":{"rendered":"URGE DAR UN GIRO AL MODELO ENERG\u00c9TICO NACIONAL: MART\u00cdN OROZCO SANDOVAL\u00a0"},"content":{"rendered":"<p dir=\"ltr\">\n<ul>\n<li dir=\"ltr\">\n<p dir=\"ltr\">Los cortes el\u00e9ctricos y el desabasto de gas natural en el territorio nacional acent\u00faan la crisis energ\u00e9tica y afectan la econom\u00eda de las empresas y sus trabajadores<\/p>\n<\/li>\n<li dir=\"ltr\">\n<p dir=\"ltr\">Exhorta gobernador a legislar con una visi\u00f3n global para de no depender de pa\u00edses extranjeros en el suministro del hidrocarburo<\/p>\n<\/li>\n<li dir=\"ltr\">\n<p dir=\"ltr\">Gobierno del Estado mantiene contacto permanente con las empresas locales que se han visto afectadas por la falta de gas natural y que podr\u00edan obligarlos a implementar paros t\u00e9cnicos<\/p>\n<\/li>\n<\/ul>\n<p dir=\"ltr\">Este pa\u00eds requiere de una pol\u00edtica energ\u00e9tica que permita el uso racional y eficiente de la energ\u00eda y que est\u00e9 acorde a las necesidades mundiales de competitividad, sustentabilidad y el cuidado del medio ambiente, se\u00f1al\u00f3 el gobernador Mart\u00edn Orozco Sandoval.<\/p>\n<p dir=\"ltr\">\n<p dir=\"ltr\">El mandatario estatal sentenci\u00f3 que los cortes de energ\u00eda el\u00e9ctrica y el desabasto de gas natural registrado en el territorio nacional durante los \u00faltimos d\u00edas, son el ejemplo m\u00e1s claro para entender que M\u00e9xico debe dar un giro de 180 grados al modelo energ\u00e9tico nacional.<\/p>\n<p dir=\"ltr\">\n<p dir=\"ltr\">Por lo anterior, Orozco Sandoval hizo un llamado al Gobierno Federal y a los legisladores de las C\u00e1maras de Diputados y Senadores para que, antes de aprobar la iniciativa preferente en materia energ\u00e9tica, tengan una visi\u00f3n clara de promoci\u00f3n a las energ\u00edas limpias, con lo que la econom\u00eda, el aprovechamiento de los recursos naturales y el cuidado del medio ambiente deben prevalecer.<\/p>\n<p dir=\"ltr\">\n<p dir=\"ltr\">Orozco Sandoval enfatiz\u00f3 que representantes del sector productivo y empresarial y expertos en materia energ\u00e9tica hab\u00edan advertido esta crisis del combustible, por eso -dijo- es urgente que el gobierno vea a la Iniciativa Privada como un aliado para la explotaci\u00f3n de este hidrocarburo y as\u00ed dejar de depender de la compra del gas natural al extranjero.<\/p>\n<p dir=\"ltr\">\n<p dir=\"ltr\">En su intervenci\u00f3n, Manuel Alejandro Gonz\u00e1lez Mart\u00ednez, secretario de Desarrollo Econ\u00f3mico, apunt\u00f3 que el Gobierno del Estado est\u00e1 en permanente contacto con las empresas que suministran el gas natural en la entidad para medir las posibles afectaciones que se puedan registrar en el sector industrial.<\/p>\n<p dir=\"ltr\">\n<p dir=\"ltr\">Se\u00f1al\u00f3 que debido a que M\u00e9xico tiene una alta dependencia de este hidrocarburo, las industrias distribuidoras de gas natural en el estado est\u00e1n pidiendo que las empresas reduzcan hasta en 80 por ciento su consumo, mientras se regulariza el suministro.<\/p>\n<p dir=\"ltr\">\n<p dir=\"ltr\">Por su parte, Juan Manuel \u00c1vila, presidente de la COPARMEX, hizo un exhorto desde la iniciativa privada al gobierno federal, para que viabilice la inversi\u00f3n en energ\u00edas limpias, recordando que ya desde a\u00f1os anteriores se preve\u00eda este posible escenario de alerta cr\u00edtica por falta de una pol\u00edtica p\u00fablica con estrategia y visi\u00f3n.<\/p>\n<p dir=\"ltr\">\n<p dir=\"ltr\">Adem\u00e1s, respald\u00f3 la preocupaci\u00f3n del gobierno de Aguascalientes, pues se trabaja para seguir d\u00e1ndole certeza y confianza al sector privado, sobre todo en estos momentos de incertidumbre.<\/p>\n","protected":false},"excerpt":{"rendered":"<p>Los cortes el\u00e9ctricos y el desabasto de gas natural en el territorio nacional acent\u00faan la crisis energ\u00e9tica y afectan la econom\u00eda de las empresas y sus trabajadores Exhorta gobernador a legislar con una visi\u00f3n global para de no depender de pa\u00edses extranjeros en el suministro del hidrocarburo Gobierno del Estado mantiene contacto permanente con las [&hellip;]<\/p>\n","protected":false},"author":1,"featured_media":16543,"comment_status":"closed","ping_status":"open","sticky":false,"template":"","format":"standard","meta":{"advanced_seo_description":"","jetpack_seo_html_title":"","jetpack_seo_noindex":false,"_jetpack_memberships_contains_paid_content":false,"footnotes":"","jetpack_publicize_message":"","jetpack_publicize_feature_enabled":true,"jetpack_social_post_already_shared":true,"jetpack_social_options":{"image_generator_settings":{"template":"highway","default_image_id":0,"font":"","enabled":false},"version":2}},"categories":[21,4],"tags":[22,31,104],"class_list":["post-16541","post","type-post","status-publish","format-standard","has-post-thumbnail","hentry","category-aguascalientes","category-gobierno-del-estado-aguascalientes","tag-aguascalientes","tag-mos","tag-sedec"],"jetpack_publicize_connections":[],"jetpack_featured_media_url":"https:\/\/i0.wp.com\/informativoelvalledeaguascalientes.online\/wp-content\/uploads\/2021\/02\/WhatsApp-Image-2021-02-19-at-11.04.42.jpeg?fit=1280%2C852&ssl=1","jetpack-related-posts":[],"jetpack_sharing_enabled":true,"jetpack_likes_enabled":true,"_links":{"self":[{"href":"https:\/\/informativoelvalledeaguascalientes.online\/index.php?rest_route=\/wp\/v2\/posts\/16541","targetHints":{"allow":["GET"]}}],"collection":[{"href":"https:\/\/informativoelvalledeaguascalientes.online\/index.php?rest_route=\/wp\/v2\/posts"}],"about":[{"href":"https:\/\/informativoelvalledeaguascalientes.online\/index.php?rest_route=\/wp\/v2\/types\/post"}],"author":[{"embeddable":true,"href":"https:\/\/informativoelvalledeaguascalientes.online\/index.php?rest_route=\/wp\/v2\/users\/1"}],"replies":[{"embeddable":true,"href":"https:\/\/informativoelvalledeaguascalientes.online\/index.php?rest_route=%2Fwp%2Fv2%2Fcomments&post=16541"}],"version-history":[{"count":1,"href":"https:\/\/informativoelvalledeaguascalientes.online\/index.php?rest_route=\/wp\/v2\/posts\/16541\/revisions"}],"predecessor-version":[{"id":16544,"href":"https:\/\/informativoelvalledeaguascalientes.online\/index.php?rest_route=\/wp\/v2\/posts\/16541\/revisions\/16544"}],"wp:featuredmedia":[{"embeddable":true,"href":"https:\/\/informativoelvalledeaguascalientes.online\/index.php?rest_route=\/wp\/v2\/media\/16543"}],"wp:attachment":[{"href":"https:\/\/informativoelvalledeaguascalientes.online\/index.php?rest_route=%2Fwp%2Fv2%2Fmedia&parent=16541"}],"wp:term":[{"taxonomy":"category","embeddable":true,"href":"https:\/\/informativoelvalledeaguascalientes.online\/index.php?rest_route=%2Fwp%2Fv2%2Fcategories&post=16541"},{"taxonomy":"post_tag","embeddable":true,"href":"https:\/\/informativoelvalledeaguascalientes.online\/index.php?rest_route=%2Fwp%2Fv2%2Ftags&post=16541"}],"curies":[{"name":"wp","href":"https:\/\/api.w.org\/{rel}","templated":true}]}}