{"id":16533,"date":"2021-02-19T15:57:46","date_gmt":"2021-02-19T21:57:46","guid":{"rendered":"https:\/\/informativoelvalledeaguascalientes.online\/?p=16533"},"modified":"2021-02-19T15:57:46","modified_gmt":"2021-02-19T21:57:46","slug":"reconoce-martin-orozco-valores-de-lealtad-solidaridad-y-servicio-del-ejercito-mexicano","status":"publish","type":"post","link":"https:\/\/informativoelvalledeaguascalientes.online\/?p=16533","title":{"rendered":"RECONOCE MART\u00cdN OROZCO VALORES DE LEALTAD, SOLIDARIDAD Y SERVICIO DEL EJ\u00c9RCITO MEXICANO"},"content":{"rendered":"<p>&nbsp;<\/p>\n<ul>\n<li dir=\"ltr\">\n<p dir=\"ltr\">El gobernador de Aguascalientes encabez\u00f3 la conmemoraci\u00f3n por el 108 aniversario del Ej\u00e9rcito Nacional<\/p>\n<\/li>\n<li dir=\"ltr\">\n<p dir=\"ltr\">Se devel\u00f3 la placa de la condecoraci\u00f3n Miguel Hidalgo para las unidades operativas de hospitalizaci\u00f3n y terapia intensiva acondicionadas en la XIV zona militar<\/p>\n<\/li>\n<\/ul>\n<p>&nbsp;<\/p>\n<p dir=\"ltr\">En cada episodio de la historia de M\u00e9xico, las instituciones armadas han sido ejemplo de patriotismo en la lucha por la democracia, la legalidad, el Estado de Derecho y el bienestar social del pueblo mexicano, y en medio de la actual pandemia, los hombres y mujeres que integran el Ej\u00e9rcito Mexicano han hecho que resalten los valores de lealtad, solidaridad y servicio.<\/p>\n<p>&nbsp;<\/p>\n<p dir=\"ltr\">As\u00ed lo destac\u00f3 el gobernador del estado de Aguascalientes, Mart\u00edn Orozco Sandoval al encabezar la conmemoraci\u00f3n del 108 Aniversario del Ej\u00e9rcito Mexicano en las instalaciones de la XIV Zona Militar.<\/p>\n<p>&nbsp;<\/p>\n<p dir=\"ltr\">Durante su mensaje, el mandatario estatal mencion\u00f3 que la lucha que enfrenta el pa\u00eds hoy en d\u00eda ya no es en campos de batalla ni en cuarteles, sino en los hospitales, las cl\u00ednicas, los espacios p\u00fablicos, las empresas, las escuelas y los hogares.<\/p>\n<p>&nbsp;<\/p>\n<p dir=\"ltr\">Orozco Sandoval manifest\u00f3 que la batalla contra el COVID-19 es semejante en su magnitud a todas aquellas que se libraron para que M\u00e9xico consiguiera la soberan\u00eda nacional, restaurar la rep\u00fablica, restablecer el orden legal y hacer realidad los justos reclamos sociales.<\/p>\n<p>&nbsp;<\/p>\n<p dir=\"ltr\">Por \u00faltimo, se\u00f1al\u00f3 que Aguascalientes reconoce la entrega y compromiso del Ej\u00e9rcito Nacional e inst\u00f3 a la sociedad a que con honorabilidad y lealtad, se siga construyendo un M\u00e9xico que est\u00e9 a la altura de las m\u00e1s leg\u00edtimas aspiraciones que todos compartimos de justicia, libertad y equidad.<\/p>\n<p>&nbsp;<\/p>\n<p dir=\"ltr\">En su momento, el General Inocente Ferm\u00edn Hern\u00e1ndez Montealegre, comandante de la XIV Zona Militar, resalt\u00f3 que el Ej\u00e9rcito Mexicano desde la Independencia de M\u00e9xico hasta la actualidad, ha sido un actor trascendente en la historia del pa\u00eds gracias a su esencia y patriotismo.<\/p>\n<p>&nbsp;<\/p>\n<p dir=\"ltr\">Asimismo, destac\u00f3 que entre las misiones que atiende actualmente el Ej\u00e9rcito se encuentra el combate a la pandemia, muestra de ello ha sido la atenci\u00f3n de pacientes con COVID-19 en hospitales y centros de salud que han instalado por todo el pa\u00eds.<\/p>\n<p>&nbsp;<\/p>\n<p dir=\"ltr\">Durante esta celebraci\u00f3n, el gobernador y el comandante de la XIV Zona Militar, develaron la placa de la condecoraci\u00f3n Miguel Hidalgo para las unidades operativas de hospitalizaci\u00f3n y terapia intensiva acondicionadas en la XIV zona militar; adem\u00e1s, entregaron reconocimientos al esfuerzo y profesionalismo de militares de Aguascalientes.<\/p>\n<p>&nbsp;<\/p>\n<p dir=\"ltr\">A la conmemoraci\u00f3n tambi\u00e9n asistieron Jos\u00e9 Manuel Velasco Serna, diputado presidente de la mesa directiva del Congreso del Estado; Gabriela Espinoza Castorena, magistrada presidenta del Supremo Tribunal de Justicia; Arturo Olgu\u00edn Miquel, coordinador estatal de la Guardia Nacional; Jos\u00e9 Arturo Mart\u00ednez Armenta, delegado de la Fiscal\u00eda General de la Rep\u00fablica en Aguascalientes; Jes\u00fas Figueroa Ortega, fiscal general del estado; Teresa Jim\u00e9nez Esquivel, presidenta municipal de Aguascalientes; entre otras autoridades.<\/p>\n","protected":false},"excerpt":{"rendered":"<p>&nbsp; El gobernador de Aguascalientes encabez\u00f3 la conmemoraci\u00f3n por el 108 aniversario del Ej\u00e9rcito Nacional Se devel\u00f3 la placa de la condecoraci\u00f3n Miguel Hidalgo para las unidades operativas de hospitalizaci\u00f3n y terapia intensiva acondicionadas en la XIV zona militar &nbsp; En cada episodio de la historia de M\u00e9xico, las instituciones armadas han sido ejemplo de [&hellip;]<\/p>\n","protected":false},"author":1,"featured_media":16534,"comment_status":"closed","ping_status":"open","sticky":false,"template":"","format":"standard","meta":{"advanced_seo_description":"","jetpack_seo_html_title":"","jetpack_seo_noindex":false,"_jetpack_memberships_contains_paid_content":false,"footnotes":"","jetpack_publicize_message":"","jetpack_publicize_feature_enabled":true,"jetpack_social_post_already_shared":true,"jetpack_social_options":{"image_generator_settings":{"template":"highway","default_image_id":0,"font":"","enabled":false},"version":2}},"categories":[21,4],"tags":[22,31],"class_list":["post-16533","post","type-post","status-publish","format-standard","has-post-thumbnail","hentry","category-aguascalientes","category-gobierno-del-estado-aguascalientes","tag-aguascalientes","tag-mos"],"jetpack_publicize_connections":[],"jetpack_featured_media_url":"https:\/\/i0.wp.com\/informativoelvalledeaguascalientes.online\/wp-content\/uploads\/2021\/02\/WhatsApp-Image-2021-02-19-at-11.23.49-AM-3.jpeg?fit=1280%2C974&ssl=1","jetpack-related-posts":[],"jetpack_sharing_enabled":true,"jetpack_likes_enabled":true,"_links":{"self":[{"href":"https:\/\/informativoelvalledeaguascalientes.online\/index.php?rest_route=\/wp\/v2\/posts\/16533","targetHints":{"allow":["GET"]}}],"collection":[{"href":"https:\/\/informativoelvalledeaguascalientes.online\/index.php?rest_route=\/wp\/v2\/posts"}],"about":[{"href":"https:\/\/informativoelvalledeaguascalientes.online\/index.php?rest_route=\/wp\/v2\/types\/post"}],"author":[{"embeddable":true,"href":"https:\/\/informativoelvalledeaguascalientes.online\/index.php?rest_route=\/wp\/v2\/users\/1"}],"replies":[{"embeddable":true,"href":"https:\/\/informativoelvalledeaguascalientes.online\/index.php?rest_route=%2Fwp%2Fv2%2Fcomments&post=16533"}],"version-history":[{"count":1,"href":"https:\/\/informativoelvalledeaguascalientes.online\/index.php?rest_route=\/wp\/v2\/posts\/16533\/revisions"}],"predecessor-version":[{"id":16535,"href":"https:\/\/informativoelvalledeaguascalientes.online\/index.php?rest_route=\/wp\/v2\/posts\/16533\/revisions\/16535"}],"wp:featuredmedia":[{"embeddable":true,"href":"https:\/\/informativoelvalledeaguascalientes.online\/index.php?rest_route=\/wp\/v2\/media\/16534"}],"wp:attachment":[{"href":"https:\/\/informativoelvalledeaguascalientes.online\/index.php?rest_route=%2Fwp%2Fv2%2Fmedia&parent=16533"}],"wp:term":[{"taxonomy":"category","embeddable":true,"href":"https:\/\/informativoelvalledeaguascalientes.online\/index.php?rest_route=%2Fwp%2Fv2%2Fcategories&post=16533"},{"taxonomy":"post_tag","embeddable":true,"href":"https:\/\/informativoelvalledeaguascalientes.online\/index.php?rest_route=%2Fwp%2Fv2%2Ftags&post=16533"}],"curies":[{"name":"wp","href":"https:\/\/api.w.org\/{rel}","templated":true}]}}