{"id":16526,"date":"2021-02-18T20:15:01","date_gmt":"2021-02-19T02:15:01","guid":{"rendered":"https:\/\/informativoelvalledeaguascalientes.online\/?p=16526"},"modified":"2021-02-18T20:15:01","modified_gmt":"2021-02-19T02:15:01","slug":"reforma-energetica-e-iniciativa-de-ley-de-maternidad-vulnerable-temas-que-abordaron-en-la-permanente","status":"publish","type":"post","link":"https:\/\/informativoelvalledeaguascalientes.online\/?p=16526","title":{"rendered":"REFORMA ENERG\u00c9TICA E INICIATIVA DE LEY DE MATERNIDAD VULNERABLE, TEMAS QUE ABORDARON EN LA PERMANENTE"},"content":{"rendered":"<p><strong>#informativoelvalledeaguascalientes\u00a0, #novaradioaguascalientes<\/strong><\/p>\n<p>&nbsp;<\/p>\n<ul>\n<li><em>El primer t\u00f3pico, fue un posicionamiento que emiti\u00f3 el diputado Cuitl\u00e1huac Cardona con respecto a la contra reforma que propone el presidente de M\u00e9xico.<\/em><\/li>\n<li><em>La legisladora Karina Banda, propuso una serie de iniciativas encaminadas a garantizar atenci\u00f3n y acompa\u00f1amiento integral a mujeres embarazadas en situaci\u00f3n de precariedad.<\/em><\/li>\n<li><em>En el apartado de asuntos en cartera, se dio a conocer la petici\u00f3n por escrito que turnaron representantes de los medios de comunicaci\u00f3n de la entidad, para que se garanticen los protocolos sanitarios en la cobertura period\u00edstica de las actividades del Poder Legislativo de Aguascalientes, adem\u00e1s de la solicitud de licencia para separase de su cargo, del diputado Luis Enrique Garc\u00eda L\u00f3pez,<\/em><\/li>\n<\/ul>\n<p><em>\u00a0<\/em><\/p>\n<p>&nbsp;<\/p>\n<p>Durante el desarrollo de la sesi\u00f3n ordinaria de la Diputaci\u00f3n Permanente, que preside el legislador Jos\u00e9 Manuel Velasco Serna, el diputado Cuitl\u00e1huac Cardona Campos, fij\u00f3 un posicionamiento con respecto a la contra reforma que plantea el presidente L\u00f3pez Obrador, y por otro lado, la legisladora Karina Banda dio a conocer un paquete de iniciativas encaminadas a garantizar atenci\u00f3n y acompa\u00f1amiento integral a mujeres embarazadas en situaci\u00f3n de vulnerabilidad.<\/p>\n<p>En primer turno, el\u00a0congresista Cuitl\u00e1huac Cardona Campos, fij\u00f3 un posicionamiento a trav\u00e9s del cual\u00a0expres\u00f3 su apoyo a la iniciativa con car\u00e1cter de\u00a0 que turn\u00f3 el presidente de M\u00e9xico al Congreso de la Uni\u00f3n, en materia de energ\u00eda el\u00e9ctrica, la cual tiene por objeto que la Comisi\u00f3n Federal de Electricidad recupere su funci\u00f3n de productora y distribuidora de energ\u00eda el\u00e9ctrica para los mexicanos.<\/p>\n<p>Se\u00f1al\u00f3 que la energ\u00eda el\u00e9ctrica es la palanca que sostiene el aparato productivo en todo los sectores; sin embargo dej\u00f3 en claro que a ra\u00edz de las reformas estructurales que se aprobaron en sexenios pasados ha generado p\u00e9rdidas econ\u00f3micas tanto a la CFE como a los mexicanos, \u201ccon el pretexto de impulsar energ\u00eda verdes, se otorgaron contratos leoninos a consorcios extranjeros y adem\u00e1s se otorgaron contratos con ventajas que representan verdaderos abusos no solo a la CFE sino de los mexicanos\u201d.<\/p>\n<p>&nbsp;<\/p>\n<p>El legislador Cardona Campos expres\u00f3 que los consorcios ib\u00e9ricos de la mano con traidores de la patria piensan que M\u00e9xico es tierra todav\u00eda de conquista ya que han entregado subsidios millonarios a empresas espa\u00f1olas de dicho sector, manifest\u00f3 que el abuso radica en que la CFE se vio obligada a entregar subsidios y adquirir la producci\u00f3n a precios preferenciales, \u201clos legisladores de MORENA refrendamos nuestro apoyo, caminos juntos con el presidente y con las y los diputados valientes que han querido acabar con negocios turbios y buscan imponer primero el inter\u00e9s del pueblo de M\u00e9xico\u201d, concluy\u00f3 su participaci\u00f3n manifestando, \u201cacabemos con los privilegios, vamos por un mercado justo en el sector el\u00e9ctrico\u201d.<\/p>\n<p>&nbsp;<\/p>\n<p>En su oportunidad, la diputada Karina Banda Iglesias, a quien de manera previa la mesa directiva aval\u00f3 su participaci\u00f3n en el apartado de asuntos generales, hizo uso de la voz para presentar un posicionamiento a trav\u00e9s del cual expres\u00f3 que la reforma de la protecci\u00f3n a la vida desde la concepci\u00f3n, la cual fue aprobada de manera reciente, conlleva un conjunto de obligaciones por parte del Estado para garantizar los derechos de la mujer, principalmente de aquella que est\u00e1 en una situaci\u00f3n de vulnerabilidad y que se ve afectada por discriminaci\u00f3n.<\/p>\n<p>&nbsp;<\/p>\n<p>Por ello, anticip\u00f3 que present\u00f3 un paquete de iniciativas encaminadas a brindar protecci\u00f3n y acompa\u00f1amiento integral a mujeres embarazadas en estado de vulnerabilidad, adem\u00e1s de garantizar el cuidado de su hija (o).<\/p>\n<p>&nbsp;<\/p>\n<p>Banda Iglesias, indic\u00f3 que entre los planteamientos que turn\u00f3 a la Oficial\u00eda de partes del Poder Legislativo, est\u00e1 el de establecer un modelo de atenci\u00f3n y acompa\u00f1amiento integral a la mujer en gestaci\u00f3n y que enfrenta dificultades sociales y econ\u00f3micas, mediante la creaci\u00f3n de la Ley de Maternidad Vulnerable, adem\u00e1s de proponer sanciones para quienes discriminen o violenten a las madres que amamantan a sus hijas (os) en la v\u00eda p\u00fablica.<\/p>\n<p>&nbsp;<\/p>\n<p>Banda Iglesias, se\u00f1al\u00f3 que este paquete de iniciativas pretende que el embarazo se analice desde varios enfoques, y se juzgue por diversos casos, con el objeto de evitar la criminalizaci\u00f3n de la mujer por esta situaci\u00f3n.<\/p>\n<p>&nbsp;<\/p>\n<p>En el apartado de asuntos en cartera, se anunci\u00f3 la petici\u00f3n que turnaron por escrito, periodistas y reporteros gr\u00e1ficos de medios escritos, electr\u00f3nicos y digitales de la entidad, mediante la cual exponen la necesidad de que sigan garantiz\u00e1ndose los protocolos sanitarios en la cobertura que realizan a diario de las actividades del Congreso del Estado, adem\u00e1s de que solicitan que la autoridad competente, supervise las medidas preventivas de contagios, en eventos presenciales durante el desarrollo del proceso electoral 2020-2021.<\/p>\n<p>&nbsp;<\/p>\n<p>De igual manera, se dio a conocer la solicitud de licencia para separarse del cargo por tiempo indefinido, del diputado del Grupo Parlamentario Mixto PAN-PRD Luis Enrique Garc\u00eda L\u00f3pez. Esta petici\u00f3n ser\u00e1 analizada por la Comisi\u00f3n de Reglamentos y Pr\u00e1cticas Parlamentarias.<\/p>\n<p>&nbsp;<\/p>\n<p>En el escrito, hacen saber que \u00e9sta solicitud tiene como objetivo principal, garantizar la seguridad de las y los trabajadores pertenecientes al gremio period\u00edstico de Aguascalientes.<\/p>\n<p>&nbsp;<\/p>\n<p>Acto seguido, el presidente de la Diputaci\u00f3n Permanente, que preside el legislador Jos\u00e9 Manuel Velasco Serna, procedi\u00f3 a clausurar los trabajos, al tiempo que dio a conocer que la siguiente asamblea ordinaria estar\u00e1 sujeta a previa notificaci\u00f3n de fecha, hora y lugar que emita la Secretat\u00eda General del Congreso Local.<\/p>\n<p>&nbsp;<\/p>\n<p>Adem\u00e1s de los ya mencionados, se cont\u00f3 con la participaci\u00f3n de las legisladoras M\u00f3nica Becerra Moreno y Luc\u00eda Armend\u00e1riz Silva, quienes fungen como primera y segunda secretaria de la Permanente, en ese orden.<\/p>\n<p>&nbsp;<\/p>\n","protected":false},"excerpt":{"rendered":"<p>#informativoelvalledeaguascalientes\u00a0, #novaradioaguascalientes &nbsp; El primer t\u00f3pico, fue un posicionamiento que emiti\u00f3 el diputado Cuitl\u00e1huac Cardona con respecto a la contra reforma que propone el presidente de M\u00e9xico. La legisladora Karina Banda, propuso una serie de iniciativas encaminadas a garantizar atenci\u00f3n y acompa\u00f1amiento integral a mujeres embarazadas en situaci\u00f3n de precariedad. En el apartado de asuntos [&hellip;]<\/p>\n","protected":false},"author":1,"featured_media":16527,"comment_status":"closed","ping_status":"open","sticky":false,"template":"","format":"standard","meta":{"advanced_seo_description":"","jetpack_seo_html_title":"","jetpack_seo_noindex":false,"_jetpack_memberships_contains_paid_content":false,"footnotes":"","jetpack_publicize_message":"","jetpack_publicize_feature_enabled":true,"jetpack_social_post_already_shared":true,"jetpack_social_options":{"image_generator_settings":{"template":"highway","default_image_id":0,"font":"","enabled":false},"version":2}},"categories":[21,5],"tags":[22,44],"class_list":["post-16526","post","type-post","status-publish","format-standard","has-post-thumbnail","hentry","category-aguascalientes","category-h-congreso-del-estado-aguascalientes","tag-aguascalientes","tag-lxiv-legislatura-aguascalientes"],"jetpack_publicize_connections":[],"jetpack_featured_media_url":"https:\/\/i0.wp.com\/informativoelvalledeaguascalientes.online\/wp-content\/uploads\/2021\/02\/hce_ags_18022021.jpg?fit=937%2C625&ssl=1","jetpack-related-posts":[],"jetpack_sharing_enabled":true,"jetpack_likes_enabled":true,"_links":{"self":[{"href":"https:\/\/informativoelvalledeaguascalientes.online\/index.php?rest_route=\/wp\/v2\/posts\/16526","targetHints":{"allow":["GET"]}}],"collection":[{"href":"https:\/\/informativoelvalledeaguascalientes.online\/index.php?rest_route=\/wp\/v2\/posts"}],"about":[{"href":"https:\/\/informativoelvalledeaguascalientes.online\/index.php?rest_route=\/wp\/v2\/types\/post"}],"author":[{"embeddable":true,"href":"https:\/\/informativoelvalledeaguascalientes.online\/index.php?rest_route=\/wp\/v2\/users\/1"}],"replies":[{"embeddable":true,"href":"https:\/\/informativoelvalledeaguascalientes.online\/index.php?rest_route=%2Fwp%2Fv2%2Fcomments&post=16526"}],"version-history":[{"count":1,"href":"https:\/\/informativoelvalledeaguascalientes.online\/index.php?rest_route=\/wp\/v2\/posts\/16526\/revisions"}],"predecessor-version":[{"id":16528,"href":"https:\/\/informativoelvalledeaguascalientes.online\/index.php?rest_route=\/wp\/v2\/posts\/16526\/revisions\/16528"}],"wp:featuredmedia":[{"embeddable":true,"href":"https:\/\/informativoelvalledeaguascalientes.online\/index.php?rest_route=\/wp\/v2\/media\/16527"}],"wp:attachment":[{"href":"https:\/\/informativoelvalledeaguascalientes.online\/index.php?rest_route=%2Fwp%2Fv2%2Fmedia&parent=16526"}],"wp:term":[{"taxonomy":"category","embeddable":true,"href":"https:\/\/informativoelvalledeaguascalientes.online\/index.php?rest_route=%2Fwp%2Fv2%2Fcategories&post=16526"},{"taxonomy":"post_tag","embeddable":true,"href":"https:\/\/informativoelvalledeaguascalientes.online\/index.php?rest_route=%2Fwp%2Fv2%2Ftags&post=16526"}],"curies":[{"name":"wp","href":"https:\/\/api.w.org\/{rel}","templated":true}]}}