{"id":16523,"date":"2021-02-18T19:48:24","date_gmt":"2021-02-19T01:48:24","guid":{"rendered":"https:\/\/informativoelvalledeaguascalientes.online\/?p=16523"},"modified":"2021-02-18T19:48:24","modified_gmt":"2021-02-19T01:48:24","slug":"no-es-buen-momento-para-aumentar-la-tarifa-del-transporte-publico-gladys-ramirez","status":"publish","type":"post","link":"https:\/\/informativoelvalledeaguascalientes.online\/?p=16523","title":{"rendered":"NO ES BUEN MOMENTO PARA AUMENTAR LA TARIFA DEL TRANSPORTE P\u00daBLICO: GLADYS RAM\u00cdREZ"},"content":{"rendered":"<p style=\"font-weight: 400;\">#informativoelvalledeaguascalientes\u00a0, #novaradioaguascalientes<\/p>\n<p style=\"font-weight: 400;\">Todas las solicitudes para aumentar la tarifa del transporte p\u00fablico, deber\u00e1n analizarse a fondo para determinar si son procedentes o no, puntualiz\u00f3 la diputada presidente de la Comisi\u00f3n de Transporte P\u00fablico en el Congreso del Estado, Gladys Adriana Ram\u00edrez Aguilar, quien adem\u00e1s agreg\u00f3, los representantes de las distintas modalidades del transporte como urbanos, taxis o combis, deber\u00e1n presentar formalmente dichas solicitudes ante la Coordinaci\u00f3n de Movilidad.<\/p>\n<p style=\"font-weight: 400;\">Al respecto, la legisladora detall\u00f3 que ser\u00e1 durante el pr\u00f3ximo mes de marzo cuando el Consejo Consultivo del Transporte P\u00fablico, integrado por representantes de las diferentes modalidades del transporte, dependencias gubernamentales y asociaciones civiles, proceder\u00e1 a revisar con detalle las propuestas que le hayan sido entregadas.<\/p>\n<p style=\"font-weight: 400;\">&#8220;Ya lo hemos visto en a\u00f1os anteriores, ellos nos presentan sus propuestas; en el documento establecen cu\u00e1l es la nueva tarifa que quieren y adem\u00e1s deben justificar el porqu\u00e9 de ese aumento&#8221; explic\u00f3 Ram\u00edrez Aguilar, quien mencion\u00f3 que de acuerdo a los transportistas &#8220;el aumento a los precios del di\u00e9sel, la gasolina y otros insumos, as\u00ed como el mantenimiento de las unidades son los principales factores a considerar&#8221; coment\u00f3.<\/p>\n<p style=\"font-weight: 400;\">Al respecto de si ser\u00eda viable un aumento a la tarifa, Gladys Adriana asegur\u00f3 que no ser\u00eda el momento ideal para un incremento debido a las dificultades econ\u00f3micas por las que atraviesan las familias hidroc\u00e1lidas.<\/p>\n","protected":false},"excerpt":{"rendered":"<p>#informativoelvalledeaguascalientes\u00a0, #novaradioaguascalientes Todas las solicitudes para aumentar la tarifa del transporte p\u00fablico, deber\u00e1n analizarse a fondo para determinar si son procedentes o no, puntualiz\u00f3 la diputada presidente de la Comisi\u00f3n de Transporte P\u00fablico en el Congreso del Estado, Gladys Adriana Ram\u00edrez Aguilar, quien adem\u00e1s agreg\u00f3, los representantes de las distintas modalidades del transporte como urbanos, [&hellip;]<\/p>\n","protected":false},"author":1,"featured_media":16524,"comment_status":"closed","ping_status":"open","sticky":false,"template":"","format":"standard","meta":{"advanced_seo_description":"","jetpack_seo_html_title":"","jetpack_seo_noindex":false,"_jetpack_memberships_contains_paid_content":false,"footnotes":"","jetpack_publicize_message":"","jetpack_publicize_feature_enabled":true,"jetpack_social_post_already_shared":true,"jetpack_social_options":{"image_generator_settings":{"template":"highway","default_image_id":0,"font":"","enabled":false},"version":2}},"categories":[21,5],"tags":[22,44],"class_list":["post-16523","post","type-post","status-publish","format-standard","has-post-thumbnail","hentry","category-aguascalientes","category-h-congreso-del-estado-aguascalientes","tag-aguascalientes","tag-lxiv-legislatura-aguascalientes"],"jetpack_publicize_connections":[],"jetpack_featured_media_url":"https:\/\/i0.wp.com\/informativoelvalledeaguascalientes.online\/wp-content\/uploads\/2021\/02\/FOTO-180221.jpg?fit=768%2C779&ssl=1","jetpack-related-posts":[],"jetpack_sharing_enabled":true,"jetpack_likes_enabled":true,"_links":{"self":[{"href":"https:\/\/informativoelvalledeaguascalientes.online\/index.php?rest_route=\/wp\/v2\/posts\/16523","targetHints":{"allow":["GET"]}}],"collection":[{"href":"https:\/\/informativoelvalledeaguascalientes.online\/index.php?rest_route=\/wp\/v2\/posts"}],"about":[{"href":"https:\/\/informativoelvalledeaguascalientes.online\/index.php?rest_route=\/wp\/v2\/types\/post"}],"author":[{"embeddable":true,"href":"https:\/\/informativoelvalledeaguascalientes.online\/index.php?rest_route=\/wp\/v2\/users\/1"}],"replies":[{"embeddable":true,"href":"https:\/\/informativoelvalledeaguascalientes.online\/index.php?rest_route=%2Fwp%2Fv2%2Fcomments&post=16523"}],"version-history":[{"count":1,"href":"https:\/\/informativoelvalledeaguascalientes.online\/index.php?rest_route=\/wp\/v2\/posts\/16523\/revisions"}],"predecessor-version":[{"id":16525,"href":"https:\/\/informativoelvalledeaguascalientes.online\/index.php?rest_route=\/wp\/v2\/posts\/16523\/revisions\/16525"}],"wp:featuredmedia":[{"embeddable":true,"href":"https:\/\/informativoelvalledeaguascalientes.online\/index.php?rest_route=\/wp\/v2\/media\/16524"}],"wp:attachment":[{"href":"https:\/\/informativoelvalledeaguascalientes.online\/index.php?rest_route=%2Fwp%2Fv2%2Fmedia&parent=16523"}],"wp:term":[{"taxonomy":"category","embeddable":true,"href":"https:\/\/informativoelvalledeaguascalientes.online\/index.php?rest_route=%2Fwp%2Fv2%2Fcategories&post=16523"},{"taxonomy":"post_tag","embeddable":true,"href":"https:\/\/informativoelvalledeaguascalientes.online\/index.php?rest_route=%2Fwp%2Fv2%2Ftags&post=16523"}],"curies":[{"name":"wp","href":"https:\/\/api.w.org\/{rel}","templated":true}]}}