{"id":16393,"date":"2021-02-15T21:43:36","date_gmt":"2021-02-16T03:43:36","guid":{"rendered":"https:\/\/informativoelvalledeaguascalientes.online\/?p=16393"},"modified":"2021-02-15T21:44:21","modified_gmt":"2021-02-16T03:44:21","slug":"ica-presenta-cafe-ascuario-programa-de-difusion-literaria-de-aguascalientes","status":"publish","type":"post","link":"https:\/\/informativoelvalledeaguascalientes.online\/?p=16393","title":{"rendered":"ICA PRESENTA CAF\u00c9 ASCUARIO, PROGRAMA DE DIFUSI\u00d3N LITERARIA DE AGUASCALIENTES"},"content":{"rendered":"<p>&nbsp;<\/p>\n<p>&nbsp;<\/p>\n<ul>\n<li><strong><em>La primera temporada se transmitir\u00e1 los jueves, del 18 de\u00a0 febrero al 15 de abril<\/em><\/strong><\/li>\n<li><strong><em>En esta temporada participan integrantes de la comunidad literaria local, nacidos antes de 1980<\/em><\/strong><\/li>\n<\/ul>\n<p>&nbsp;<\/p>\n<p>Con el fin de reconocer y promover la obra de escritoras y escritores que han desarrollado su carrera literaria en Aguascalientes, y como parte del Programa Estatal para la Promoci\u00f3n de la Lectura y el Libro, el Instituto Cultural de Aguascalientes (ICA), a trav\u00e9s de la Universidad de las Artes y su Centro de Investigaci\u00f3n y Estudios Literarios de Aguascalientes CIELA Fraguas, presenta el programa Caf\u00e9 Ascuario.<\/p>\n<p>&nbsp;<\/p>\n<p>Este programa es una producci\u00f3n audiovisual que integra una serie de entrevistas a escritoras y escritores locales, realizadas en diversos caf\u00e9s de la ciudad, en las que se narra en primera persona las trayectorias literarias de las y los entrevistados, sus experiencias, inclinaciones est\u00e9ticas, influencias, inquietudes y su relaci\u00f3n con la literatura y la vida cultural de nuestro estado.<\/p>\n<p>&nbsp;<\/p>\n<p>La primera temporada ser\u00e1 transmitida en las redes sociales del ICA, los jueves del 18 de febrero al 15 de abril, y participar\u00e1n Ricardo Orozco, Patricia Ortiz, Antonio Guerrero, Francisco Javier Mart\u00ednez Farf\u00e1n, Martha Lilia Sandoval, \u00d3scar Santos, Eduardo L\u00f3pez, Carolina Castro y Rosa Luz de Luna; personalidades con gran trayectoria en la literatura hecha en Aguascalientes, que constituyen un primer grupo de autoras y autores nacidos antes de 1980.<\/p>\n<p>&nbsp;<\/p>\n<p>El nombre de este programa hace referencia al poemario del destacado escritor aguascalentense Desiderio Mac\u00edas Silva, nacido en Asientos y ganador del Premio Nacional de Poes\u00eda Aguascalientes en 1972, quien us\u00f3 la palabra Ascuario para referirse a un \u201cescaparate de centellas\u201d. Caf\u00e9 Ascuario tendr\u00e1 tambi\u00e9n presencia en Radio y Televisi\u00f3n de Aguascalientes, con una programaci\u00f3n que se anunciar\u00e1 pr\u00f3ximamente.<\/p>\n<p>&nbsp;<\/p>\n<p>En breve iniciar\u00e1 la grabaci\u00f3n de la segunda temporada, con m\u00e1s autoras y autores locales. El ICA agradece la hospitalidad de los establecimientos que dieron todas las facilidades para la realizaci\u00f3n de las entrevistas: Caf\u00e9 Calessa, Rosinal, Velvet, Caf\u00e9 Coyoac\u00e1n, Caf\u00e9 del Codo y Cafexhito.<\/p>\n<p>.<\/p>\n<p>&nbsp;<\/p>\n<p>&nbsp;<\/p>\n","protected":false},"excerpt":{"rendered":"<p>&nbsp; &nbsp; La primera temporada se transmitir\u00e1 los jueves, del 18 de\u00a0 febrero al 15 de abril En esta temporada participan integrantes de la comunidad literaria local, nacidos antes de 1980 &nbsp; Con el fin de reconocer y promover la obra de escritoras y escritores que han desarrollado su carrera literaria en Aguascalientes, y como [&hellip;]<\/p>\n","protected":false},"author":1,"featured_media":16399,"comment_status":"closed","ping_status":"open","sticky":false,"template":"","format":"standard","meta":{"advanced_seo_description":"","jetpack_seo_html_title":"","jetpack_seo_noindex":false,"_jetpack_memberships_contains_paid_content":false,"footnotes":"","jetpack_publicize_message":"","jetpack_publicize_feature_enabled":true,"jetpack_social_post_already_shared":true,"jetpack_social_options":{"image_generator_settings":{"template":"highway","default_image_id":0,"font":"","enabled":false},"version":2}},"categories":[21,4],"tags":[22,52],"class_list":["post-16393","post","type-post","status-publish","format-standard","has-post-thumbnail","hentry","category-aguascalientes","category-gobierno-del-estado-aguascalientes","tag-aguascalientes","tag-ica"],"jetpack_publicize_connections":[],"jetpack_featured_media_url":"https:\/\/i0.wp.com\/informativoelvalledeaguascalientes.online\/wp-content\/uploads\/2021\/02\/1.-postal-CAFEASCUARIO-ok-01.jpg?fit=2000%2C2000&ssl=1","jetpack-related-posts":[],"jetpack_sharing_enabled":true,"jetpack_likes_enabled":true,"_links":{"self":[{"href":"https:\/\/informativoelvalledeaguascalientes.online\/index.php?rest_route=\/wp\/v2\/posts\/16393","targetHints":{"allow":["GET"]}}],"collection":[{"href":"https:\/\/informativoelvalledeaguascalientes.online\/index.php?rest_route=\/wp\/v2\/posts"}],"about":[{"href":"https:\/\/informativoelvalledeaguascalientes.online\/index.php?rest_route=\/wp\/v2\/types\/post"}],"author":[{"embeddable":true,"href":"https:\/\/informativoelvalledeaguascalientes.online\/index.php?rest_route=\/wp\/v2\/users\/1"}],"replies":[{"embeddable":true,"href":"https:\/\/informativoelvalledeaguascalientes.online\/index.php?rest_route=%2Fwp%2Fv2%2Fcomments&post=16393"}],"version-history":[{"count":2,"href":"https:\/\/informativoelvalledeaguascalientes.online\/index.php?rest_route=\/wp\/v2\/posts\/16393\/revisions"}],"predecessor-version":[{"id":16401,"href":"https:\/\/informativoelvalledeaguascalientes.online\/index.php?rest_route=\/wp\/v2\/posts\/16393\/revisions\/16401"}],"wp:featuredmedia":[{"embeddable":true,"href":"https:\/\/informativoelvalledeaguascalientes.online\/index.php?rest_route=\/wp\/v2\/media\/16399"}],"wp:attachment":[{"href":"https:\/\/informativoelvalledeaguascalientes.online\/index.php?rest_route=%2Fwp%2Fv2%2Fmedia&parent=16393"}],"wp:term":[{"taxonomy":"category","embeddable":true,"href":"https:\/\/informativoelvalledeaguascalientes.online\/index.php?rest_route=%2Fwp%2Fv2%2Fcategories&post=16393"},{"taxonomy":"post_tag","embeddable":true,"href":"https:\/\/informativoelvalledeaguascalientes.online\/index.php?rest_route=%2Fwp%2Fv2%2Ftags&post=16393"}],"curies":[{"name":"wp","href":"https:\/\/api.w.org\/{rel}","templated":true}]}}