{"id":16391,"date":"2021-02-15T21:37:49","date_gmt":"2021-02-16T03:37:49","guid":{"rendered":"https:\/\/informativoelvalledeaguascalientes.online\/?p=16391"},"modified":"2021-02-15T21:37:49","modified_gmt":"2021-02-16T03:37:49","slug":"en-alerta-proteccion-civil-estatal-ante-pronosticos-de-ambiente-gelido-para-las-proximas-96-horas","status":"publish","type":"post","link":"https:\/\/informativoelvalledeaguascalientes.online\/?p=16391","title":{"rendered":"EN ALERTA PROTECCI\u00d3N CIVIL ESTATAL ANTE PRON\u00d3STICOS DE AMBIENTE G\u00c9LIDO PARA LAS PR\u00d3XIMAS 96 HORAS"},"content":{"rendered":"<p>&nbsp;<\/p>\n<p>\u25cf La novena tormenta invernal y el frente fr\u00edo n\u00famero 35 ocasionar\u00e1n vientos con rachas de 60 a 70 km\/hr<\/p>\n<p>\u25cf Se recomienda a la poblaci\u00f3n abrigarse bien por las ma\u00f1anas y noches, consumir alimentos ricos en vitamina C y mantener una correcta hidrataci\u00f3n<\/p>\n<p>La Coordinaci\u00f3n Estatal de Protecci\u00f3n Civil se mantiene en alerta ante los pron\u00f3sticos del Servicio Meteorol\u00f3gico Nacional (SMN) de pasar de un ambiente muy fr\u00edo a g\u00e9lido para el estado de Aguascalientes durante las pr\u00f3ximas 96 horas, con temperaturas m\u00ednimas de -10 a -5\u00b0C en las zonas altas del estado, acompa\u00f1adas de heladas.<\/p>\n<p>El coordinador de Protecci\u00f3n Civil en nuestra entidad, H\u00e9ctor Reyes Hern\u00e1ndez, se\u00f1al\u00f3 que debido a la novena tormenta invernal y el frente fr\u00edo n\u00famero 35, aunado al ingreso a territorio nacional del frente n\u00famero 36 que entre mi\u00e9rcoles y jueves recorrer\u00e1 el norte y noreste del pa\u00eds, el SMN pronostica que adem\u00e1s del ambiente g\u00e9lido, se presentar\u00e1n vientos con rachas de 60 a 70 kil\u00f3metros por hora.<\/p>\n<p>El funcionario estatal pidi\u00f3 a la poblaci\u00f3n acatar todas las medidas preventivas para cuidar su salud, como abrigarse, principalmente durante las ma\u00f1anas y noches que es cuando se presentan los descenso de temperaturas y se debe cuidar que no ingrese aire fr\u00edo a las v\u00edas respiratorias; consumir alimentos ricos en vitaminas A y C; y mantener una correcta hidrataci\u00f3n.<\/p>\n<p>Para los cuidados de las viviendas, se recomienda evitar encender anafres y calentadores al interior de las mismas, proteger las tuber\u00edas con alg\u00fan material aislante; sellar puertas y ventanas con papel peri\u00f3dico para evitar cruce de corrientes y salida de calor acumulado; y reportar cualquier emergencia o alguna estructura urbana que pueda ser de riesgo debido a los fuertes vientos al n\u00famero 911.<\/p>\n","protected":false},"excerpt":{"rendered":"<p>&nbsp; \u25cf La novena tormenta invernal y el frente fr\u00edo n\u00famero 35 ocasionar\u00e1n vientos con rachas de 60 a 70 km\/hr \u25cf Se recomienda a la poblaci\u00f3n abrigarse bien por las ma\u00f1anas y noches, consumir alimentos ricos en vitamina C y mantener una correcta hidrataci\u00f3n La Coordinaci\u00f3n Estatal de Protecci\u00f3n Civil se mantiene en alerta [&hellip;]<\/p>\n","protected":false},"author":1,"featured_media":16394,"comment_status":"closed","ping_status":"open","sticky":false,"template":"","format":"standard","meta":{"advanced_seo_description":"","jetpack_seo_html_title":"","jetpack_seo_noindex":false,"_jetpack_memberships_contains_paid_content":false,"footnotes":"","jetpack_publicize_message":"","jetpack_publicize_feature_enabled":true,"jetpack_social_post_already_shared":true,"jetpack_social_options":{"image_generator_settings":{"template":"highway","default_image_id":0,"font":"","enabled":false},"version":2}},"categories":[21,4],"tags":[22,51],"class_list":["post-16391","post","type-post","status-publish","format-standard","has-post-thumbnail","hentry","category-aguascalientes","category-gobierno-del-estado-aguascalientes","tag-aguascalientes","tag-seggob"],"jetpack_publicize_connections":[],"jetpack_featured_media_url":"https:\/\/i0.wp.com\/informativoelvalledeaguascalientes.online\/wp-content\/uploads\/2021\/02\/WhatsApp-Image-2021-02-15-at-3.41.47-PM-1.jpeg?fit=1280%2C853&ssl=1","jetpack-related-posts":[],"jetpack_sharing_enabled":true,"jetpack_likes_enabled":true,"_links":{"self":[{"href":"https:\/\/informativoelvalledeaguascalientes.online\/index.php?rest_route=\/wp\/v2\/posts\/16391","targetHints":{"allow":["GET"]}}],"collection":[{"href":"https:\/\/informativoelvalledeaguascalientes.online\/index.php?rest_route=\/wp\/v2\/posts"}],"about":[{"href":"https:\/\/informativoelvalledeaguascalientes.online\/index.php?rest_route=\/wp\/v2\/types\/post"}],"author":[{"embeddable":true,"href":"https:\/\/informativoelvalledeaguascalientes.online\/index.php?rest_route=\/wp\/v2\/users\/1"}],"replies":[{"embeddable":true,"href":"https:\/\/informativoelvalledeaguascalientes.online\/index.php?rest_route=%2Fwp%2Fv2%2Fcomments&post=16391"}],"version-history":[{"count":1,"href":"https:\/\/informativoelvalledeaguascalientes.online\/index.php?rest_route=\/wp\/v2\/posts\/16391\/revisions"}],"predecessor-version":[{"id":16395,"href":"https:\/\/informativoelvalledeaguascalientes.online\/index.php?rest_route=\/wp\/v2\/posts\/16391\/revisions\/16395"}],"wp:featuredmedia":[{"embeddable":true,"href":"https:\/\/informativoelvalledeaguascalientes.online\/index.php?rest_route=\/wp\/v2\/media\/16394"}],"wp:attachment":[{"href":"https:\/\/informativoelvalledeaguascalientes.online\/index.php?rest_route=%2Fwp%2Fv2%2Fmedia&parent=16391"}],"wp:term":[{"taxonomy":"category","embeddable":true,"href":"https:\/\/informativoelvalledeaguascalientes.online\/index.php?rest_route=%2Fwp%2Fv2%2Fcategories&post=16391"},{"taxonomy":"post_tag","embeddable":true,"href":"https:\/\/informativoelvalledeaguascalientes.online\/index.php?rest_route=%2Fwp%2Fv2%2Ftags&post=16391"}],"curies":[{"name":"wp","href":"https:\/\/api.w.org\/{rel}","templated":true}]}}