{"id":16380,"date":"2021-02-15T21:30:42","date_gmt":"2021-02-16T03:30:42","guid":{"rendered":"https:\/\/informativoelvalledeaguascalientes.online\/?p=16380"},"modified":"2021-02-15T21:30:42","modified_gmt":"2021-02-16T03:30:42","slug":"propone-martha-marquez-evaluar-el-manejo-de-la-crisis-sanitaria-y-en-su-caso-sancionar-responsables","status":"publish","type":"post","link":"https:\/\/informativoelvalledeaguascalientes.online\/?p=16380","title":{"rendered":"PROPONE MARTHA M\u00c1RQUEZ EVALUAR EL MANEJO DE LA CRISIS SANITARIA Y EN SU CASO, SANCIONAR RESPONSABLES"},"content":{"rendered":"<p><b><br \/>\n<\/b><\/p>\n<ul>\n<li><b><i>Busca que se integre una Comisi\u00f3n Especial en el Senado para reconstruir la verdad sobre el manejo de la pandemia y determinar responsables.<\/i><\/b><\/li>\n<li><b><i>La Comisi\u00f3n busca la participaci\u00f3n de diversas voces, desde las familias de las v\u00edctimas as\u00ed como expertos y especialistas en materia de salubridad<\/i><\/b><\/li>\n<\/ul>\n<p>Ante los resultados negativos en el manejo de la pandemia, la Senadora Martha M\u00e1rquez, a nombre del Grupo Parlamentario del PAN en el Senado exhort\u00f3 a la Junta de Coordinaci\u00f3n Pol\u00edtica a integrar una Comisi\u00f3n Especial que eval\u00faa, investigue y en su caso, sancione a los servidores p\u00fablicos responsables del mal manejo de la misma.<\/p>\n<p>\u201cConsideramos que es vital investigar la actuaci\u00f3n de los servidores p\u00fablicos, para deslindar las responsabilidades en que hayan incurrido. Los funcionarios que est\u00e1n a cargo de la pandemia, s\u00ed en su caso tienen alguna responsabilidad, respondan y enfrenten a la justicia\u201d explic\u00f3.<\/p>\n<p>Aunado a esto, expuso que los funcionarios del Gobierno federal no s\u00f3lo ignoraron las recomendaciones de la Organizaci\u00f3n Mundial de la Salud, sino que actuaron deliberadamente en contra de ellas, minimizando el uso del cubrebocas y negando la realizaci\u00f3n masiva de pruebas para detectar, rastrear casos y as\u00ed cortar la cadena de contagios.<\/p>\n<p>La legisladora federal se\u00f1al\u00f3 que la propuesta se conoce como el derecho a la verdad, que surge ante la necesidad de investigar casos graves de violaciones a los Derechos Humanos; por lo cual integrar la Comisi\u00f3n en el Senado construir\u00e1 un espacio para reconstruir la verdad sobre el manejo de la pandemia.<\/p>\n<p>A\u00f1adi\u00f3 que se busca la participaci\u00f3n de diversas voces, desde las familias de las v\u00edctimas, expertos y especialistas que con objetividad e imparcialidad determinen responsabilidades para los servidores p\u00fablicos involucrados.<\/p>\n<p>\u201cApelamos a que las senadoras y los senadores de la mayor\u00eda se conduzcan conforme a los principios y directrices que debemos observar como servidores p\u00fablicos, se sumen y aprueben la creaci\u00f3n de la Comisi\u00f3n Especial que se propone. Su deber de estar del lado del inter\u00e9s y bienestar de las y los mexicanos, y no de sus intereses de grupo, su deber es estar del lado de la protecci\u00f3n de los derechos humanos de todos\u201d concluy\u00f3.<\/p>\n","protected":false},"excerpt":{"rendered":"<p>Busca que se integre una Comisi\u00f3n Especial en el Senado para reconstruir la verdad sobre el manejo de la pandemia y determinar responsables. La Comisi\u00f3n busca la participaci\u00f3n de diversas voces, desde las familias de las v\u00edctimas as\u00ed como expertos y especialistas en materia de salubridad Ante los resultados negativos en el manejo de la [&hellip;]<\/p>\n","protected":false},"author":1,"featured_media":16382,"comment_status":"closed","ping_status":"open","sticky":false,"template":"","format":"standard","meta":{"advanced_seo_description":"","jetpack_seo_html_title":"","jetpack_seo_noindex":false,"_jetpack_memberships_contains_paid_content":false,"footnotes":"","jetpack_publicize_message":"","jetpack_publicize_feature_enabled":true,"jetpack_social_post_already_shared":true,"jetpack_social_options":{"image_generator_settings":{"template":"highway","default_image_id":0,"font":"","enabled":false},"version":2}},"categories":[21,7],"tags":[22,41,23],"class_list":["post-16380","post","type-post","status-publish","format-standard","has-post-thumbnail","hentry","category-aguascalientes","category-pan-aguascalientes","tag-aguascalientes","tag-martha-marquez","tag-pan-aguascalientes"],"jetpack_publicize_connections":[],"jetpack_featured_media_url":"https:\/\/i0.wp.com\/informativoelvalledeaguascalientes.online\/wp-content\/uploads\/2021\/02\/MM_15ENE.jpg?fit=1632%2C1039&ssl=1","jetpack-related-posts":[],"jetpack_sharing_enabled":true,"jetpack_likes_enabled":true,"_links":{"self":[{"href":"https:\/\/informativoelvalledeaguascalientes.online\/index.php?rest_route=\/wp\/v2\/posts\/16380","targetHints":{"allow":["GET"]}}],"collection":[{"href":"https:\/\/informativoelvalledeaguascalientes.online\/index.php?rest_route=\/wp\/v2\/posts"}],"about":[{"href":"https:\/\/informativoelvalledeaguascalientes.online\/index.php?rest_route=\/wp\/v2\/types\/post"}],"author":[{"embeddable":true,"href":"https:\/\/informativoelvalledeaguascalientes.online\/index.php?rest_route=\/wp\/v2\/users\/1"}],"replies":[{"embeddable":true,"href":"https:\/\/informativoelvalledeaguascalientes.online\/index.php?rest_route=%2Fwp%2Fv2%2Fcomments&post=16380"}],"version-history":[{"count":1,"href":"https:\/\/informativoelvalledeaguascalientes.online\/index.php?rest_route=\/wp\/v2\/posts\/16380\/revisions"}],"predecessor-version":[{"id":16384,"href":"https:\/\/informativoelvalledeaguascalientes.online\/index.php?rest_route=\/wp\/v2\/posts\/16380\/revisions\/16384"}],"wp:featuredmedia":[{"embeddable":true,"href":"https:\/\/informativoelvalledeaguascalientes.online\/index.php?rest_route=\/wp\/v2\/media\/16382"}],"wp:attachment":[{"href":"https:\/\/informativoelvalledeaguascalientes.online\/index.php?rest_route=%2Fwp%2Fv2%2Fmedia&parent=16380"}],"wp:term":[{"taxonomy":"category","embeddable":true,"href":"https:\/\/informativoelvalledeaguascalientes.online\/index.php?rest_route=%2Fwp%2Fv2%2Fcategories&post=16380"},{"taxonomy":"post_tag","embeddable":true,"href":"https:\/\/informativoelvalledeaguascalientes.online\/index.php?rest_route=%2Fwp%2Fv2%2Ftags&post=16380"}],"curies":[{"name":"wp","href":"https:\/\/api.w.org\/{rel}","templated":true}]}}