{"id":16335,"date":"2021-02-13T01:10:05","date_gmt":"2021-02-13T07:10:05","guid":{"rendered":"https:\/\/informativoelvalledeaguascalientes.online\/?p=16335"},"modified":"2021-02-13T01:10:05","modified_gmt":"2021-02-13T07:10:05","slug":"congreso-del-estado-declaro-revisadas-las-cuentas-publicas-de-2019","status":"publish","type":"post","link":"https:\/\/informativoelvalledeaguascalientes.online\/?p=16335","title":{"rendered":"CONGRESO DEL ESTADO DECLAR\u00d3 REVISADAS LAS CUENTAS P\u00daBLICAS DE 2019"},"content":{"rendered":"<p>&nbsp;<\/p>\n<ul>\n<li><em>Los tres Poderes del Estado, once Ayuntamientos y organismos p\u00fablicos aut\u00f3nomos, deber\u00e1n solventar, justificar o en su caso sujetarse a sanciones por observaciones no solventadas antes sus \u00f3rganos internos de control.<\/em><\/li>\n<li><em>Eligieron a Jorge Armando Garc\u00eda Betancourt, como nuevo integrante del Consejo del Instituto de Transparencia del Estado de Aguascalientes.<\/em><\/li>\n<\/ul>\n<p><em>\u00a0<\/em><\/p>\n<p>&nbsp;<\/p>\n<p>En seguida, fue aprobado por mayor\u00eda del Pleno, con 19 votos a favor, 3 en contra y 5 abstenciones, el dictamen que emiti\u00f3 la Comisi\u00f3n de Vigilancia, mediante el cual se declara la revisi\u00f3n de la cuenta p\u00fablica del ejercicio fiscal del a\u00f1o 2019, del Gobierno del Estado de Aguascalientes.<\/p>\n<p>&nbsp;<\/p>\n<p>Sobre este dictamen, el diputado de MORENA, Heder Guzm\u00e1n Espejel, se\u00f1al\u00f3 que hay observaciones graves, como la \u201ccompra de software que no se utiliz\u00f3, adem\u00e1s de un mal ejercicio del gasto p\u00fablico\u201d, tras referir que antes de aprobar la revisi\u00f3n de este informe de auditor\u00eda, \u201cprimeros nos informen sobre las observaciones que deben resarcirse\u201d.<\/p>\n<p>&nbsp;<\/p>\n<p>Por su parte, la diputada del GPPRI Elsa Land\u00edn Olivares, precis\u00f3 que la aprobaci\u00f3n de estos dict\u00e1menes de revisi\u00f3n de auditor\u00edas p\u00fablicas, no significa \u201cdar carpetazo a las observaciones u obligaciones de resarcimiento, ni tampoco es un visto bueno del ejercicio p\u00fablico y aplicaci\u00f3n de los recursos, porque primero deber\u00e1n sujetarse al procedimiento de justificar, comprobar o en su caso recibir sanciones por parte de la autoridad correspondiente\u201d.<\/p>\n<p>&nbsp;<\/p>\n<p>A su vez, la legisladora del Grupo Parlamentario de MORENA, Natzielly Rodr\u00edguez Calzada, reconoci\u00f3 que el per\u00edodo de an\u00e1lisis y revisi\u00f3n de los dict\u00e1menes de cuentas p\u00fablicas fue corto, pues \u201capenas el d\u00eda de ayer nos los fueron entregados, y es insuficiente el tiempo para aprobar el resultado de una auditor\u00eda\u201d, por lo que sugiri\u00f3 que antes de votarlos, se sostenga un encuentro con entre el Pleno y el titular del OSFAGS para conocer a profundidad los pormenores de estas revisiones<\/p>\n<p>En su oportunidad, la diputada Karina Banda Iglesias, de igual manera puntualiz\u00f3 que este trabajo de auditor\u00eda p\u00fablica \u201cllev\u00f3 meses realizarlo por parte de el OSFAGS y en el que la Comisi\u00f3n de Vigilancia, que es el representante del Pleno, le dio el seguimiento respectivo.<\/p>\n<p>&nbsp;<\/p>\n<p>Al hacer uso de la voz, la. legisladora del PAN Karina Eudave Delgado, tambi\u00e9n critic\u00f3 el poco tiempo que se tuvo para analizar cada uno de los dict\u00e1menes que formul\u00f3 la Comisi\u00f3n de Vigilancia, al se\u00f1alar que detect\u00f3 inconsistencias en sus resoluciones, observaciones y procedimientos resarcitorios, al calificar de \u201cambiguos\u201d los resolutivos.<\/p>\n<p>&nbsp;<\/p>\n<p>De igual manera, fueron declaradas las revisiones de los resultados de las auditor\u00edas del Supremo Tribunal del Estado de Aguascalientes, del H. Congreso del Estado de Aguascalientes, del Instituto Estatal Electoral, de la Fiscal\u00eda General del Estado y de la Universidad Aut\u00f3noma de Aguascalientes.<\/p>\n<p>&nbsp;<\/p>\n<p>En seguida, fue aprobado el dictamen de la Comisi\u00f3n de Vigilancia que declara la revisi\u00f3n de la cuenta p\u00fablica del Ayuntamiento de Aguascalientes, correspondiente al ejercicio fiscal del a\u00f1o 2019.<\/p>\n<p>&nbsp;<\/p>\n<p>De igual manera, el Pleno aprob\u00f3 los dict\u00e1menes que emiti\u00f3 la Comisi\u00f3n de Vigilancia, a trav\u00e9s de los cuales se resuelven las revisiones de las cuentas p\u00fablicas en el ejercicio fiscal 2019, de los tres poderes del estado, once Ayuntamientos y organismos p\u00fablicos aut\u00f3nomos.<\/p>\n<p>&nbsp;<\/p>\n<p>Por otro lado, fue avalado el dictamen de la Comisi\u00f3n de Vigilancia, con el que se declara revisada la cuenta p\u00fablica del municipio de Asientos, correspondiente al ejercicio fiscal de 2019.<\/p>\n<p>&nbsp;<\/p>\n<p>Acto seguido, el Pleno aval\u00f3 el dictamen que tambi\u00e9n formul\u00f3 la Comisi\u00f3n de Vigilancia para autorizar la revisi\u00f3n de la cuenta p\u00fablica del municipio de Calvillo, tambi\u00e9n del a\u00f1o fiscal 2019.<\/p>\n<p>&nbsp;<\/p>\n<p>De igual manera, las cuentas p\u00fablicas de los municipios de Cos\u00edo, El Llano, Jes\u00fas Mar\u00eda, Pabell\u00f3n de Arteaga, Rinc\u00f3n\u00a0 de Romos, San Francisco de los Romo, San Jos\u00e9 de Gracia y Tepezal\u00e1, durante el ejercicio fiscal del a\u00f1o 2019.<\/p>\n<p>&nbsp;<\/p>\n<p>En cada uno de los dict\u00e1menes, se establece que los entes fiscalizados est\u00e1n obligados a justificar, comprobar y en su caso solventar o enfrentar sanciones establecidas en el marco legal.<\/p>\n<p>&nbsp;<\/p>\n<p>Cabe mencionar, que el diputado Cuitl\u00e1huac Cardona Campos manifest\u00f3 desde su curul, su voto en contra de todas las revisiones de las cuentas p\u00fablicas de 2019, que de manera previa dictamin\u00f3 la Comisi\u00f3n de Vigilancia, al calificarlas los de opacas, inconsistentes y faltas de claridad en los procedimientos resarcitorios.<\/p>\n<p>En seguida, el diputado Guillermo Alan\u00edz de Le\u00f3n, solicit\u00f3 a la mesa directiva se retirara el Acuerdo Legislativo que emiti\u00f3 la Comisi\u00f3n de Justicia, propuesta que fue avalada, dado que hay una sentencia en curso. En el documento se da a conocer la conclusi\u00f3n del cargo como Magistrado de la Sala Administrativa del Poder Judicial del Estado, Alfonso Rom\u00e1n Quiroz, que funge en este puesto desde el 16 de febrero de 2006.<\/p>\n<p>&nbsp;<\/p>\n<p>Por otro lado, el Pleno de la LXIV Legislatura, design\u00f3 mediante voto por c\u00e9dula, con 20 votos a favor, a Jorge Garc\u00eda Betancourt, como nuevo integrante del Consejo del Instituto de Transparencia del Estado de Aguascalientes, conforme a la Ley de Transparencia y Acceso a la Informaci\u00f3n P\u00fablica, proceso en el que condujo la Junta de Coordinaci\u00f3n Pol\u00edtica y en el que participaron 24 aspirantes, de los cuales 23 cumplieron con los requisitos establecidos.<\/p>\n<p>&nbsp;<\/p>\n<p>Garc\u00eda Betancourt se desempe\u00f1ar\u00e1 en el cargo del 31 de diciembre de 2021 al 31 de diciembre de 2022.<\/p>\n<p>&nbsp;<\/p>\n<p>Tras el desahogo de este punto, la presidenta de la mesa directiva de este per\u00edodo extraordinario, diputado Patricia Garc\u00eda Garc\u00eda, clausur\u00f3 los trabajos de esta asamblea.<\/p>\n<p>&nbsp;<\/p>\n","protected":false},"excerpt":{"rendered":"<p>&nbsp; Los tres Poderes del Estado, once Ayuntamientos y organismos p\u00fablicos aut\u00f3nomos, deber\u00e1n solventar, justificar o en su caso sujetarse a sanciones por observaciones no solventadas antes sus \u00f3rganos internos de control. Eligieron a Jorge Armando Garc\u00eda Betancourt, como nuevo integrante del Consejo del Instituto de Transparencia del Estado de Aguascalientes. \u00a0 &nbsp; En seguida, [&hellip;]<\/p>\n","protected":false},"author":1,"featured_media":16338,"comment_status":"closed","ping_status":"open","sticky":false,"template":"","format":"standard","meta":{"advanced_seo_description":"","jetpack_seo_html_title":"","jetpack_seo_noindex":false,"_jetpack_memberships_contains_paid_content":false,"footnotes":"","jetpack_publicize_message":"","jetpack_publicize_feature_enabled":true,"jetpack_social_post_already_shared":true,"jetpack_social_options":{"image_generator_settings":{"template":"highway","default_image_id":0,"font":"","enabled":false},"version":2}},"categories":[21,5],"tags":[22,44],"class_list":["post-16335","post","type-post","status-publish","format-standard","has-post-thumbnail","hentry","category-aguascalientes","category-h-congreso-del-estado-aguascalientes","tag-aguascalientes","tag-lxiv-legislatura-aguascalientes"],"jetpack_publicize_connections":[],"jetpack_featured_media_url":"https:\/\/i0.wp.com\/informativoelvalledeaguascalientes.online\/wp-content\/uploads\/2021\/02\/WhatsApp-Image-2021-02-12-at-10.16.28-PM.jpeg?fit=750%2C500&ssl=1","jetpack-related-posts":[],"jetpack_sharing_enabled":true,"jetpack_likes_enabled":true,"_links":{"self":[{"href":"https:\/\/informativoelvalledeaguascalientes.online\/index.php?rest_route=\/wp\/v2\/posts\/16335","targetHints":{"allow":["GET"]}}],"collection":[{"href":"https:\/\/informativoelvalledeaguascalientes.online\/index.php?rest_route=\/wp\/v2\/posts"}],"about":[{"href":"https:\/\/informativoelvalledeaguascalientes.online\/index.php?rest_route=\/wp\/v2\/types\/post"}],"author":[{"embeddable":true,"href":"https:\/\/informativoelvalledeaguascalientes.online\/index.php?rest_route=\/wp\/v2\/users\/1"}],"replies":[{"embeddable":true,"href":"https:\/\/informativoelvalledeaguascalientes.online\/index.php?rest_route=%2Fwp%2Fv2%2Fcomments&post=16335"}],"version-history":[{"count":1,"href":"https:\/\/informativoelvalledeaguascalientes.online\/index.php?rest_route=\/wp\/v2\/posts\/16335\/revisions"}],"predecessor-version":[{"id":16339,"href":"https:\/\/informativoelvalledeaguascalientes.online\/index.php?rest_route=\/wp\/v2\/posts\/16335\/revisions\/16339"}],"wp:featuredmedia":[{"embeddable":true,"href":"https:\/\/informativoelvalledeaguascalientes.online\/index.php?rest_route=\/wp\/v2\/media\/16338"}],"wp:attachment":[{"href":"https:\/\/informativoelvalledeaguascalientes.online\/index.php?rest_route=%2Fwp%2Fv2%2Fmedia&parent=16335"}],"wp:term":[{"taxonomy":"category","embeddable":true,"href":"https:\/\/informativoelvalledeaguascalientes.online\/index.php?rest_route=%2Fwp%2Fv2%2Fcategories&post=16335"},{"taxonomy":"post_tag","embeddable":true,"href":"https:\/\/informativoelvalledeaguascalientes.online\/index.php?rest_route=%2Fwp%2Fv2%2Ftags&post=16335"}],"curies":[{"name":"wp","href":"https:\/\/api.w.org\/{rel}","templated":true}]}}