{"id":16315,"date":"2021-02-12T17:09:21","date_gmt":"2021-02-12T23:09:21","guid":{"rendered":"https:\/\/informativoelvalledeaguascalientes.online\/?p=16315"},"modified":"2021-02-12T17:09:21","modified_gmt":"2021-02-12T23:09:21","slug":"busca-gobierno-del-estado-fortalecer-la-prevencion-y-la-atencion-de-fondo-la-violencia-de-genero","status":"publish","type":"post","link":"https:\/\/informativoelvalledeaguascalientes.online\/?p=16315","title":{"rendered":"BUSCA GOBIERNO DEL ESTADO FORTALECER LA PREVENCI\u00d3N Y LA ATENCI\u00d3N DE FONDO LA VIOLENCIA DE G\u00c9NERO"},"content":{"rendered":"<p style=\"font-weight: 400;\">\n<ul>\n<li style=\"font-weight: 400;\"><strong><em>Por indicaci\u00f3n del gobernador, se teje una estrategia integral entre dependencias estatales y la Mesa Ciudadana de Seguridad y Justicia de Aguascalientes<\/em><\/strong><\/li>\n<li style=\"font-weight: 400;\"><strong><em>Tambi\u00e9n se busca fomentar la cultura de la denuncia entre mujeres a quienes les sean violentados sus derechos<\/em><\/strong><\/li>\n<\/ul>\n<p style=\"font-weight: 400;\"><strong><em>\u00a0<\/em><\/strong><\/p>\n<p style=\"font-weight: 400;\">Por indicaci\u00f3n del gobernador Mart\u00edn Orozco Sandoval, la Secretar\u00eda General de Gobierno teje una estrategia interinstitucional para fortalecer la prevenci\u00f3n y atenci\u00f3n de fondo de la violencia de g\u00e9nero, en la que se busca ampliar la participaci\u00f3n social de distintas organizaciones ciudadanas e instituciones educativas, as\u00ed lo inform\u00f3 el titular de la dependencia, Juan Manuel Flores Femat.<\/p>\n<p style=\"font-weight: 400;\">\n<p style=\"font-weight: 400;\">En una primera reuni\u00f3n de trabajo con la directora general del Instituto Aguascalentense de las Mujeres (IAM), Nancy Guti\u00e9rrez Ruvalcaba, y la coordinadora de la mesa de Denuncia Ciudadana dentro de la Mesa Ciudadana de Seguridad y Justicia de Aguascalientes, Sandra Dur\u00e1n Cid de L\u00e9on, se acord\u00f3 fortalecer la difusi\u00f3n en todos los sectores de la sociedad para fomentar la cultura de la denuncia de mujeres que hayan sufrido de violencia en cualquiera de sus formas.<\/p>\n<p style=\"font-weight: 400;\">\n<p style=\"font-weight: 400;\">Entre los acuerdos, tambi\u00e9n se estableci\u00f3 que reforzar\u00e1n el estudio multidisciplinario de las causas y efectos de la violencia contra las mujeres desde todas las aristas posibles, con base en un equipo integrado por profesionales de la salud f\u00edsica y mental, biolog\u00eda o sociolog\u00eda.<\/p>\n<p style=\"font-weight: 400;\">\n<p style=\"font-weight: 400;\">Por su parte, Guti\u00e9rrez Ruvalcaba refiri\u00f3 que el IAM continuar\u00e1 con sus trabajos en coordinaci\u00f3n con agrupaciones de la sociedad civil organizada, pues es labor de la dependencia que encabeza, contribuir a que se gesten cambios culturales y de estereotipos, y de esta forma, establecer condiciones de mayor equidad.<\/p>\n<p style=\"font-weight: 400;\">\n<p style=\"font-weight: 400;\">De esta forma, reforzando la coordinaci\u00f3n institucional y ciudadana, la mesa de Denuncia Ciudadana, a trav\u00e9s de su coordinadora, Dur\u00e1n Cid de Le\u00f3n, colaborar\u00e1 con la evaluaci\u00f3n permanente de la estrategia, una vez que est\u00e9 conformada y arranque, a fin de hacer comparativos y an\u00e1lisis de los datos duros que posee la Mesa Ciudadana de Seguridad y Justicia de Aguascalientes.<\/p>\n<p style=\"font-weight: 400;\">\n","protected":false},"excerpt":{"rendered":"<p>Por indicaci\u00f3n del gobernador, se teje una estrategia integral entre dependencias estatales y la Mesa Ciudadana de Seguridad y Justicia de Aguascalientes Tambi\u00e9n se busca fomentar la cultura de la denuncia entre mujeres a quienes les sean violentados sus derechos \u00a0 Por indicaci\u00f3n del gobernador Mart\u00edn Orozco Sandoval, la Secretar\u00eda General de Gobierno teje una [&hellip;]<\/p>\n","protected":false},"author":1,"featured_media":16316,"comment_status":"closed","ping_status":"open","sticky":false,"template":"","format":"standard","meta":{"advanced_seo_description":"","jetpack_seo_html_title":"","jetpack_seo_noindex":false,"_jetpack_memberships_contains_paid_content":false,"footnotes":"","jetpack_publicize_message":"","jetpack_publicize_feature_enabled":true,"jetpack_social_post_already_shared":true,"jetpack_social_options":{"image_generator_settings":{"template":"highway","default_image_id":0,"font":"","enabled":false},"version":2}},"categories":[21,4],"tags":[22,57,31],"class_list":["post-16315","post","type-post","status-publish","format-standard","has-post-thumbnail","hentry","category-aguascalientes","category-gobierno-del-estado-aguascalientes","tag-aguascalientes","tag-iam","tag-mos"],"jetpack_publicize_connections":[],"jetpack_featured_media_url":"https:\/\/i0.wp.com\/informativoelvalledeaguascalientes.online\/wp-content\/uploads\/2021\/02\/WhatsApp-Image-2021-02-11-at-3.58.56-PM.jpeg?fit=1280%2C796&ssl=1","jetpack-related-posts":[],"jetpack_sharing_enabled":true,"jetpack_likes_enabled":true,"_links":{"self":[{"href":"https:\/\/informativoelvalledeaguascalientes.online\/index.php?rest_route=\/wp\/v2\/posts\/16315","targetHints":{"allow":["GET"]}}],"collection":[{"href":"https:\/\/informativoelvalledeaguascalientes.online\/index.php?rest_route=\/wp\/v2\/posts"}],"about":[{"href":"https:\/\/informativoelvalledeaguascalientes.online\/index.php?rest_route=\/wp\/v2\/types\/post"}],"author":[{"embeddable":true,"href":"https:\/\/informativoelvalledeaguascalientes.online\/index.php?rest_route=\/wp\/v2\/users\/1"}],"replies":[{"embeddable":true,"href":"https:\/\/informativoelvalledeaguascalientes.online\/index.php?rest_route=%2Fwp%2Fv2%2Fcomments&post=16315"}],"version-history":[{"count":1,"href":"https:\/\/informativoelvalledeaguascalientes.online\/index.php?rest_route=\/wp\/v2\/posts\/16315\/revisions"}],"predecessor-version":[{"id":16317,"href":"https:\/\/informativoelvalledeaguascalientes.online\/index.php?rest_route=\/wp\/v2\/posts\/16315\/revisions\/16317"}],"wp:featuredmedia":[{"embeddable":true,"href":"https:\/\/informativoelvalledeaguascalientes.online\/index.php?rest_route=\/wp\/v2\/media\/16316"}],"wp:attachment":[{"href":"https:\/\/informativoelvalledeaguascalientes.online\/index.php?rest_route=%2Fwp%2Fv2%2Fmedia&parent=16315"}],"wp:term":[{"taxonomy":"category","embeddable":true,"href":"https:\/\/informativoelvalledeaguascalientes.online\/index.php?rest_route=%2Fwp%2Fv2%2Fcategories&post=16315"},{"taxonomy":"post_tag","embeddable":true,"href":"https:\/\/informativoelvalledeaguascalientes.online\/index.php?rest_route=%2Fwp%2Fv2%2Ftags&post=16315"}],"curies":[{"name":"wp","href":"https:\/\/api.w.org\/{rel}","templated":true}]}}