{"id":16299,"date":"2021-02-12T16:57:06","date_gmt":"2021-02-12T22:57:06","guid":{"rendered":"https:\/\/informativoelvalledeaguascalientes.online\/?p=16299"},"modified":"2021-02-12T16:57:06","modified_gmt":"2021-02-12T22:57:06","slug":"diputacion-permanente-convoco-a-periodo-extraordinario","status":"publish","type":"post","link":"https:\/\/informativoelvalledeaguascalientes.online\/?p=16299","title":{"rendered":"DIPUTACI\u00d3N PERMANENTE CONVOC\u00d3 A PER\u00cdODO EXTRAORDINARIO"},"content":{"rendered":"<p>&nbsp;<\/p>\n<ul>\n<li><em>El viernes 12 de febrero, a las 10:00 horas, en sesi\u00f3n plenaria presencial desahogar\u00e1n entre otros asuntos, la revisi\u00f3n de las cuentas p\u00fablicas del ejercicio fiscal del a\u00f1o 2019, de los tres Poderes del Estado, once Ayuntamientos y organismos p\u00fablicos aut\u00f3nomos. <\/em><\/li>\n<li><em>En el apartado de asuntos generales, los diputados Cuitl\u00e1huac Cardona, Elsa Land\u00edn y Mario Valdez, presentaron Punto de Acuerdo y una iniciativa, en ese orden.<\/em><\/li>\n<\/ul>\n<p>En sesi\u00f3n de la Diputaci\u00f3n Permanente de la LXIV Legislatura, que preside el legislador Jos\u00e9 Manuel Velasco Serna, se convoc\u00f3 al pleno legislativo al primer periodo extraordinario de sesiones, del tercer a\u00f1o de ejericicio constiucional,\u00a0 para el pr\u00f3ximo viernes 12 de febrero, a las 10:00 horas en el Sal\u00f3n \u201cSoberana Convenci\u00f3n Revolucionaria de Aguascalientes\u201d, asamblea en la que se desahogar\u00e1n entre otros asuntos, la revisi\u00f3n de las cuentas p\u00fablicas del a\u00f1o 2019 de los tres Poderes del Estado, de los once Ayuntamientos y organismos p\u00fablicos aut\u00f3nomos.<\/p>\n<p>Conforme al orden del d\u00eda que dieron a conocer, tambi\u00e9n ser\u00e1n abordados dict\u00e1menes que reforman la Constituci\u00f3n Pol\u00edtica del Estado de Aguascalientes, las Leyes Org\u00e1nicas de la Administraci\u00f3n P\u00fablica, de la Fiscal\u00eda General del Estado, adem\u00e1s de las relacionadas con la colocaci\u00f3n de letras doradas en los muros del Congreso del Estado de \u201cSector Salud del Estado de Aguascalientes\u201d y \u201cMagisterio de Aguascalientes\u201d, entre otros puntos.<\/p>\n<p>Acto seguido, se procedi\u00f3 con el desarrollo del apartado de asuntos generales, en el que al ser el primero en hacer uso de la voz, diputado Cuitl\u00e1huac Cardona Campos,\u00a0propuso un Punto de Acuerdo para exhortar a la Coordinaci\u00f3n de Movilidad del Estado de Aguascalientes para que se explore la posibilidad la incorporar hidr\u00f3geno como fuente impulsora de las unidades de transporte p\u00fablico, ya que de acuerdo a estudios un litro de hidr\u00f3geno rinde para recorrer de 30 a 100 kil\u00f3metros, seg\u00fan la tecnolog\u00eda implementada, adem\u00e1s de que conforme un equipo interdisciplinario para que analice el tema del alza a las tarifas del transporte urbano.<\/p>\n<p>&nbsp;<\/p>\n<p>El representante popular detall\u00f3 que utilizar hidr\u00f3geno como combustible en autos, generar\u00eda varios aspectos positivos, entre ellos, \u201cno aumentar la tarifa del transporte y preservar el medio ambiente\u201d. Cardona Campos mencion\u00f3 que de acuerdo con el Coneval, en Aguascalientes existen alrededor de 400 mil personas en pobreza y que en caso de que se aumente el costo del pasaje de los camiones urbanos en medio de la pandemia, \u201cser\u00eda catastr\u00f3fico para los usuarios\u201d.<\/p>\n<p>Por otro lado,\u00a0la legisladora del PRI, Elsa Amabel Land\u00edn Olivares,\u00a0present\u00f3 un pronunciamiento de urgente y obvia resoluci\u00f3n, el cual fue aprobado por la mesa directiva,\u00a0 \u00a0mediante el cual exhortan a las autoridades electorales a establecer un protocolo sanitario durante el desarrollo de la pr\u00f3ximos comicios, en aras de salvaguardar la salud de ciudadanas, ciudadanos y aspirantes a alg\u00fan cargo de elecci\u00f3n de popular.<\/p>\n<p>Land\u00edn Olivares refiri\u00f3 que en este proceso electoral se renovar\u00e1n diversos cargos, por lo que si en su momento \u201cpedimos el cierre de negocios y de actividades no esenciales para no poner en riesgo a la poblaci\u00f3n, ahora debemos exigir de la misma manera que ninguna candidata, candidato y partidos pol\u00edticos infrinjan las medidas sanitarias a las que todas y todos nos ajustamos\u201d.<\/p>\n<p>La congresista a\u00f1adi\u00f3 que este llamado contempla que los partidos y aspirantes utilicen la tecnolog\u00eda para expresar sus ideas y que la propaganda electoral se realice a trav\u00e9s de reuniones virtuales, en redes sociales \u201cpero evitando cualquier acci\u00f3n que implique poner en riesgo la salud de la poblaci\u00f3n como el toca toca, reuniones presenciales, masivas o en espacios cerrados\u201d.<\/p>\n<p>Al respecto,\u00a0su hom\u00f3loga del PRI, Elsa Luc\u00eda Armend\u00e1riz Silva,\u00a0se sum\u00f3 a la propuesta que realiz\u00f3 su antecesora en el uso de la palabra, al tiempo que pidi\u00f3 a la autoridad electoral emitir los lineamientos que deber\u00e1n de apegarse los partidos pol\u00edticos y sus candidatos y candidatas.<\/p>\n<p>En su oportunidad, el\u00a0representante popular de Nueva Alianza, Mario Armando Valdez Herrera,\u00a0present\u00f3 una iniciativa para reformar la Ley de Seguridad y Servicios Social para los Servidores P\u00fablicos del Estado de Aguascalientes.<\/p>\n<p>El legislador se\u00f1al\u00f3 que la pensi\u00f3n por viudez y orfandad que otorga el instituto debe ser compatible a\u00fan y en el caso en que el beneficiario se encuentre disfrutando de una pensi\u00f3n por antig\u00fcedad en el servicio o una pensi\u00f3n de retiro por edad avanzada o desempe\u00f1ando un empleo, cargo o comisi\u00f3n en alguna entidad p\u00fablica patronal y que adem\u00e1s se encuentre cobrando un sueldo respectivo pro dicha actividad.<\/p>\n<p>Tras esta participaci\u00f3n, el presidente de la mesa directiva del Congreso del Estado de Aguascalientes, legislador Jos\u00e9 Manuel Velasco, clausur\u00f3 los trabajos de la presente sesi\u00f3n.<\/p>\n<p>Adem\u00e1s de los ya mencionados, se cont\u00f3 con la participaci\u00f3n de la legisladora M\u00f3nica Becerra Moreno, primera secretaria de la Diputaci\u00f3n Permanente.<\/p>\n<p>&nbsp;<\/p>\n<p>&nbsp;<\/p>\n","protected":false},"excerpt":{"rendered":"<p>&nbsp; El viernes 12 de febrero, a las 10:00 horas, en sesi\u00f3n plenaria presencial desahogar\u00e1n entre otros asuntos, la revisi\u00f3n de las cuentas p\u00fablicas del ejercicio fiscal del a\u00f1o 2019, de los tres Poderes del Estado, once Ayuntamientos y organismos p\u00fablicos aut\u00f3nomos. En el apartado de asuntos generales, los diputados Cuitl\u00e1huac Cardona, Elsa Land\u00edn y [&hellip;]<\/p>\n","protected":false},"author":1,"featured_media":16300,"comment_status":"closed","ping_status":"open","sticky":false,"template":"","format":"standard","meta":{"advanced_seo_description":"","jetpack_seo_html_title":"","jetpack_seo_noindex":false,"_jetpack_memberships_contains_paid_content":false,"footnotes":"","jetpack_publicize_message":"","jetpack_publicize_feature_enabled":true,"jetpack_social_post_already_shared":true,"jetpack_social_options":{"image_generator_settings":{"template":"highway","default_image_id":0,"font":"","enabled":false},"version":2}},"categories":[21,5],"tags":[22,44],"class_list":["post-16299","post","type-post","status-publish","format-standard","has-post-thumbnail","hentry","category-aguascalientes","category-h-congreso-del-estado-aguascalientes","tag-aguascalientes","tag-lxiv-legislatura-aguascalientes"],"jetpack_publicize_connections":[],"jetpack_featured_media_url":"https:\/\/i0.wp.com\/informativoelvalledeaguascalientes.online\/wp-content\/uploads\/2021\/02\/WhatsApp-Image-2021-02-11-at-10.57.13-PM.jpeg?fit=750%2C485&ssl=1","jetpack-related-posts":[],"jetpack_sharing_enabled":true,"jetpack_likes_enabled":true,"_links":{"self":[{"href":"https:\/\/informativoelvalledeaguascalientes.online\/index.php?rest_route=\/wp\/v2\/posts\/16299","targetHints":{"allow":["GET"]}}],"collection":[{"href":"https:\/\/informativoelvalledeaguascalientes.online\/index.php?rest_route=\/wp\/v2\/posts"}],"about":[{"href":"https:\/\/informativoelvalledeaguascalientes.online\/index.php?rest_route=\/wp\/v2\/types\/post"}],"author":[{"embeddable":true,"href":"https:\/\/informativoelvalledeaguascalientes.online\/index.php?rest_route=\/wp\/v2\/users\/1"}],"replies":[{"embeddable":true,"href":"https:\/\/informativoelvalledeaguascalientes.online\/index.php?rest_route=%2Fwp%2Fv2%2Fcomments&post=16299"}],"version-history":[{"count":1,"href":"https:\/\/informativoelvalledeaguascalientes.online\/index.php?rest_route=\/wp\/v2\/posts\/16299\/revisions"}],"predecessor-version":[{"id":16301,"href":"https:\/\/informativoelvalledeaguascalientes.online\/index.php?rest_route=\/wp\/v2\/posts\/16299\/revisions\/16301"}],"wp:featuredmedia":[{"embeddable":true,"href":"https:\/\/informativoelvalledeaguascalientes.online\/index.php?rest_route=\/wp\/v2\/media\/16300"}],"wp:attachment":[{"href":"https:\/\/informativoelvalledeaguascalientes.online\/index.php?rest_route=%2Fwp%2Fv2%2Fmedia&parent=16299"}],"wp:term":[{"taxonomy":"category","embeddable":true,"href":"https:\/\/informativoelvalledeaguascalientes.online\/index.php?rest_route=%2Fwp%2Fv2%2Fcategories&post=16299"},{"taxonomy":"post_tag","embeddable":true,"href":"https:\/\/informativoelvalledeaguascalientes.online\/index.php?rest_route=%2Fwp%2Fv2%2Ftags&post=16299"}],"curies":[{"name":"wp","href":"https:\/\/api.w.org\/{rel}","templated":true}]}}