{"id":16256,"date":"2021-02-10T22:15:49","date_gmt":"2021-02-11T04:15:49","guid":{"rendered":"https:\/\/informativoelvalledeaguascalientes.online\/?p=16256"},"modified":"2021-02-10T22:15:49","modified_gmt":"2021-02-11T04:15:49","slug":"al-paso-que-va-el-gobierno-de-morena-se-llevara-todo-el-sexenio-para-vacunar-a-los-mexicanos-senala-fernando-herrera","status":"publish","type":"post","link":"https:\/\/informativoelvalledeaguascalientes.online\/?p=16256","title":{"rendered":"AL PASO QUE VA, EL GOBIERNO DE MORENA SE LLEVAR\u00c1 TODO EL SEXENIO PARA VACUNAR A LOS MEXICANOS, SE\u00d1ALA FERNANDO HERRERA"},"content":{"rendered":"<p style=\"font-weight: 400;\">\n<ul>\n<li style=\"font-weight: 400;\">El uso electoral de la vacuna es la causa del rezago en el proceso de inmunizaci\u00f3n.<\/li>\n<\/ul>\n<p style=\"font-weight: 400;\">\n<ul>\n<li style=\"font-weight: 400;\">Cada d\u00eda que pasa sin vacunas y sin estrategia se siguen perdiendo miles de vidas, dice.<\/li>\n<\/ul>\n<p style=\"font-weight: 400;\">\n<p style=\"font-weight: 400;\">Al paso que va, el gobierno federal de Morena se llevar\u00e1 todo el sexenio para vacunar a los mexicanos. Necesitar\u00eda aplicar m\u00e1s de medio mill\u00f3n de vacunas cada d\u00eda para cumplir con el calendario establecido y eso si llegan a tiempo los lotes prometidos, dijo Fernando Herrera, Vocero nacional del PAN.<\/p>\n<p style=\"font-weight: 400;\">\n<p style=\"font-weight: 400;\">El aguascalentense record\u00f3 que cuando el gobierno mexicano tuvo a su disposici\u00f3n el primer lote de vacunas, aplic\u00f3 en promedio 4 mil dosis diarias, una de las tasas m\u00e1s bajas.<\/p>\n<p style=\"font-weight: 400;\">\n<p style=\"font-weight: 400;\">En contraste, detall\u00f3, pa\u00edses como Estados Unidos aplicaron hasta 1 mill\u00f3n 300 mil dosis cada d\u00eda, con lo cual han obtenido los resultados positivos que hoy conocemos.<\/p>\n<p style=\"font-weight: 400;\">\n<p style=\"font-weight: 400;\">Herrera \u00c1vila asever\u00f3 que mientras otros pa\u00edses avanzan de manera sustancial en la aplicaci\u00f3n de vacunas, porque cuentan con una verdadera estrategia en el terreno, el gobierno mexicano no ha alcanzado la inmunizaci\u00f3n del uno por ciento de la poblaci\u00f3n, porque sigue haciendo pol\u00edtica con la tragedia.<\/p>\n<p style=\"font-weight: 400;\">\n<p style=\"font-weight: 400;\">Dijo que el resultado de lo anterior son las m\u00e1s 167 mil muertes reconocidas de manera oficial y el mill\u00f3n 940 mil casos positivos de Covid19 que hoy se registran en el pa\u00eds.<\/p>\n<p style=\"font-weight: 400;\">\n<p style=\"font-weight: 400;\">\u201cEn promedio se est\u00e1 muriendo un mexicano cada minuto en el pa\u00eds y lo m\u00e1s grave es que el gobierno de L\u00f3pez Obrador se empe\u00f1a en dar un manejo pol\u00edtico a la emergencia sanitaria\u201d.<\/p>\n<p style=\"font-weight: 400;\">\n<p style=\"font-weight: 400;\">\u201cDe manera por dem\u00e1s irresponsable, el presidente se aferra a poner el mal ejemplo y a lucrar con la tragedia. Por eso tenemos hoy la tasa de letalidad m\u00e1s alta de todo el mundo\u201d.<\/p>\n<p style=\"font-weight: 400;\">\n<p style=\"font-weight: 400;\">El vocero del CEN panista critic\u00f3 tambi\u00e9n que no exista una base de datos abierta con los registros de vacunaci\u00f3n, porque eso permite a la Secretar\u00eda de Salud manejar la informaci\u00f3n de las vacunas a su antojo.<\/p>\n<p style=\"font-weight: 400;\">\n<p style=\"font-weight: 400;\">Adem\u00e1s, dijo, es un \u201cjuego maquiav\u00e9lico\u201d el hecho de que el gobierno federal de Morena haya emprendido una campa\u00f1a de propaganda con las vacunas, a\u00fan cuando ni siquiera cuenta con ellas.<\/p>\n<p style=\"font-weight: 400;\">\u201cEs lucrar con la esperanza de la gente, con la esperanza de los mexicanos que han perdido un familiar o que tienen a una persona en terapia intensiva luchando por su vida\u201d.<\/p>\n<p style=\"font-weight: 400;\">\n<p style=\"font-weight: 400;\">\u201cEl uso electoral de la vacuna es la causa de ese rezago. Al paso que van, se van a llevar todo el sexenio para vacunar a la poblaci\u00f3n, porque no su calendario no cuadra ni siquiera con los n\u00fameros que se obtenido al momento\u201d.<\/p>\n<p style=\"font-weight: 400;\">\n<p style=\"font-weight: 400;\">Herrera \u00c1vila dijo que, al igual que como pas\u00f3 con las pruebas de detecci\u00f3n, nuestro pa\u00eds ocupa ya los \u00faltimos lugares del continente en cuanto a la inmunizaci\u00f3n de su poblaci\u00f3n, porque L\u00f3pez Obrador se aferra al desastre que ha sido su plan para manejar la crisis sanitaria.<\/p>\n<p style=\"font-weight: 400;\">\n<p style=\"font-weight: 400;\">\n","protected":false},"excerpt":{"rendered":"<p>El uso electoral de la vacuna es la causa del rezago en el proceso de inmunizaci\u00f3n. Cada d\u00eda que pasa sin vacunas y sin estrategia se siguen perdiendo miles de vidas, dice. Al paso que va, el gobierno federal de Morena se llevar\u00e1 todo el sexenio para vacunar a los mexicanos. Necesitar\u00eda aplicar m\u00e1s de [&hellip;]<\/p>\n","protected":false},"author":1,"featured_media":16263,"comment_status":"closed","ping_status":"open","sticky":false,"template":"","format":"standard","meta":{"advanced_seo_description":"","jetpack_seo_html_title":"","jetpack_seo_noindex":false,"_jetpack_memberships_contains_paid_content":false,"footnotes":"","jetpack_publicize_message":"","jetpack_publicize_feature_enabled":true,"jetpack_social_post_already_shared":true,"jetpack_social_options":{"image_generator_settings":{"template":"highway","default_image_id":0,"font":"","enabled":false},"version":2}},"categories":[21,7],"tags":[22,74,23],"class_list":["post-16256","post","type-post","status-publish","format-standard","has-post-thumbnail","hentry","category-aguascalientes","category-pan-aguascalientes","tag-aguascalientes","tag-fernando-herrera","tag-pan-aguascalientes"],"jetpack_publicize_connections":[],"jetpack_featured_media_url":"https:\/\/i0.wp.com\/informativoelvalledeaguascalientes.online\/wp-content\/uploads\/2021\/02\/fernandohs_optimized.png?fit=1600%2C1066&ssl=1","jetpack-related-posts":[],"jetpack_sharing_enabled":true,"jetpack_likes_enabled":true,"_links":{"self":[{"href":"https:\/\/informativoelvalledeaguascalientes.online\/index.php?rest_route=\/wp\/v2\/posts\/16256","targetHints":{"allow":["GET"]}}],"collection":[{"href":"https:\/\/informativoelvalledeaguascalientes.online\/index.php?rest_route=\/wp\/v2\/posts"}],"about":[{"href":"https:\/\/informativoelvalledeaguascalientes.online\/index.php?rest_route=\/wp\/v2\/types\/post"}],"author":[{"embeddable":true,"href":"https:\/\/informativoelvalledeaguascalientes.online\/index.php?rest_route=\/wp\/v2\/users\/1"}],"replies":[{"embeddable":true,"href":"https:\/\/informativoelvalledeaguascalientes.online\/index.php?rest_route=%2Fwp%2Fv2%2Fcomments&post=16256"}],"version-history":[{"count":1,"href":"https:\/\/informativoelvalledeaguascalientes.online\/index.php?rest_route=\/wp\/v2\/posts\/16256\/revisions"}],"predecessor-version":[{"id":16264,"href":"https:\/\/informativoelvalledeaguascalientes.online\/index.php?rest_route=\/wp\/v2\/posts\/16256\/revisions\/16264"}],"wp:featuredmedia":[{"embeddable":true,"href":"https:\/\/informativoelvalledeaguascalientes.online\/index.php?rest_route=\/wp\/v2\/media\/16263"}],"wp:attachment":[{"href":"https:\/\/informativoelvalledeaguascalientes.online\/index.php?rest_route=%2Fwp%2Fv2%2Fmedia&parent=16256"}],"wp:term":[{"taxonomy":"category","embeddable":true,"href":"https:\/\/informativoelvalledeaguascalientes.online\/index.php?rest_route=%2Fwp%2Fv2%2Fcategories&post=16256"},{"taxonomy":"post_tag","embeddable":true,"href":"https:\/\/informativoelvalledeaguascalientes.online\/index.php?rest_route=%2Fwp%2Fv2%2Ftags&post=16256"}],"curies":[{"name":"wp","href":"https:\/\/api.w.org\/{rel}","templated":true}]}}