{"id":16224,"date":"2021-02-10T21:16:16","date_gmt":"2021-02-11T03:16:16","guid":{"rendered":"https:\/\/informativoelvalledeaguascalientes.online\/?p=16224"},"modified":"2021-02-10T21:16:16","modified_gmt":"2021-02-11T03:16:16","slug":"baja-en-contagios-por-covid-19-permite-dar-un-respiro-a-la-economia-mos","status":"publish","type":"post","link":"https:\/\/informativoelvalledeaguascalientes.online\/?p=16224","title":{"rendered":"BAJA EN CONTAGIOS POR COVID-19 PERMITE DAR UN RESPIRO A LA ECONOM\u00cdA: MOS\u00a0"},"content":{"rendered":"<p dir=\"ltr\">\n<ul>\n<li dir=\"ltr\">\n<p dir=\"ltr\">Durante las siguientes 2 semanas, establecimientos con giros reglamentados podr\u00e1n extender su horario hasta las 23:59 hrs, con aforo m\u00e1ximo del 50%<\/p>\n<\/li>\n<li dir=\"ltr\">\n<p dir=\"ltr\">Sociedad no debe relajar las medidas sanitarias a pesar de que se registra un periodo de estabilidad<\/p>\n<\/li>\n<\/ul>\n<p dir=\"ltr\">Al analizar los indicadores de la pandemia despu\u00e9s del \u00faltimo decreto emitido por el Gobierno Estatal, se observ\u00f3 una baja en los contagios y decesos por COVID-19, as\u00ed como una estabilidad en el n\u00famero de pacientes hospitalizados, debido a ello se determin\u00f3 flexibilizar algunas medidas de horarios y aforos, anunci\u00f3 el gobernador Mart\u00edn Orozco Sandoval.<\/p>\n<p dir=\"ltr\">En rueda de prensa virtual, acompa\u00f1ado por los titulares de la Secretar\u00eda General de Gobierno y del ISSEA, el mandatario se\u00f1al\u00f3 que a pesar que la salud de los habitantes es la prioridad, no se debe abandonar al sector econ\u00f3mico que han sido seriamente\u00a0 afectados por la contingencia sanitaria, por lo que se ha decidido dar un respiro a la econom\u00eda local.<\/p>\n<p dir=\"ltr\">Orozco Sandoval asegur\u00f3 que aunque existe una estabilidad de la enfermedad, la sociedad debe continuar aplicando todas las medidas sanitarias, al igual que todos los establecimientos y negocios.<\/p>\n<p dir=\"ltr\">Por su parte, Juan Manuel Flores Femat, secretario General de Gobierno, explic\u00f3 que a partir del 10 de febrero y durante las siguientes dos semanas, los establecimientos con giros reglamentados por los ayuntamientos (bares, cantinas, centros nocturnos, restaurantes, salones de fiestas u otros con venta de bebidas alcoh\u00f3licas) podr\u00e1n extender su horario hasta las 23:59 horas con un aforo m\u00e1ximo del 50 por ciento.<\/p>\n<p dir=\"ltr\">Destac\u00f3 que representantes del sector salud y econ\u00f3mico determinaron establecer esta excepci\u00f3n en las medidas pues existen las condiciones para apoyar a los negocios que, en su mayor\u00eda, han acatado los decretos emitidos y el \u00cdndice Estatal COVID.<\/p>\n<p dir=\"ltr\">Indic\u00f3 que en 15 d\u00edas se volver\u00e1 a estudiar el comportamiento de la pandemia en todos los municipios para nuevamente determinar nuevas medidas de restricci\u00f3n social.<\/p>\n<p dir=\"ltr\">Finalmente apunt\u00f3 que se continuar\u00e1 con la supervisi\u00f3n por parte de la Guardia Sanitaria para que las medidas establecidas se cumplan de manera puntual por los negocios locales, y de lo contrario seguir\u00e1n emitiendo sanciones y cierres temporales de aquellos que no acaten las restricciones de movilidad social.<\/p>\n","protected":false},"excerpt":{"rendered":"<p>Durante las siguientes 2 semanas, establecimientos con giros reglamentados podr\u00e1n extender su horario hasta las 23:59 hrs, con aforo m\u00e1ximo del 50% Sociedad no debe relajar las medidas sanitarias a pesar de que se registra un periodo de estabilidad Al analizar los indicadores de la pandemia despu\u00e9s del \u00faltimo decreto emitido por el Gobierno Estatal, [&hellip;]<\/p>\n","protected":false},"author":1,"featured_media":16226,"comment_status":"closed","ping_status":"open","sticky":false,"template":"","format":"standard","meta":{"advanced_seo_description":"","jetpack_seo_html_title":"","jetpack_seo_noindex":false,"_jetpack_memberships_contains_paid_content":false,"footnotes":"","jetpack_publicize_message":"","jetpack_publicize_feature_enabled":true,"jetpack_social_post_already_shared":true,"jetpack_social_options":{"image_generator_settings":{"template":"highway","default_image_id":0,"font":"","enabled":false},"version":2}},"categories":[21,4],"tags":[22,235,30,31,51],"class_list":["post-16224","post","type-post","status-publish","format-standard","has-post-thumbnail","hentry","category-aguascalientes","category-gobierno-del-estado-aguascalientes","tag-aguascalientes","tag-guardia-sanitaria","tag-issea","tag-mos","tag-seggob"],"jetpack_publicize_connections":[],"jetpack_featured_media_url":"https:\/\/i0.wp.com\/informativoelvalledeaguascalientes.online\/wp-content\/uploads\/2021\/02\/WhatsApp-Image-2021-02-10-at-11.36.56-AM.jpeg?fit=1280%2C702&ssl=1","jetpack-related-posts":[],"jetpack_sharing_enabled":true,"jetpack_likes_enabled":true,"_links":{"self":[{"href":"https:\/\/informativoelvalledeaguascalientes.online\/index.php?rest_route=\/wp\/v2\/posts\/16224","targetHints":{"allow":["GET"]}}],"collection":[{"href":"https:\/\/informativoelvalledeaguascalientes.online\/index.php?rest_route=\/wp\/v2\/posts"}],"about":[{"href":"https:\/\/informativoelvalledeaguascalientes.online\/index.php?rest_route=\/wp\/v2\/types\/post"}],"author":[{"embeddable":true,"href":"https:\/\/informativoelvalledeaguascalientes.online\/index.php?rest_route=\/wp\/v2\/users\/1"}],"replies":[{"embeddable":true,"href":"https:\/\/informativoelvalledeaguascalientes.online\/index.php?rest_route=%2Fwp%2Fv2%2Fcomments&post=16224"}],"version-history":[{"count":1,"href":"https:\/\/informativoelvalledeaguascalientes.online\/index.php?rest_route=\/wp\/v2\/posts\/16224\/revisions"}],"predecessor-version":[{"id":16227,"href":"https:\/\/informativoelvalledeaguascalientes.online\/index.php?rest_route=\/wp\/v2\/posts\/16224\/revisions\/16227"}],"wp:featuredmedia":[{"embeddable":true,"href":"https:\/\/informativoelvalledeaguascalientes.online\/index.php?rest_route=\/wp\/v2\/media\/16226"}],"wp:attachment":[{"href":"https:\/\/informativoelvalledeaguascalientes.online\/index.php?rest_route=%2Fwp%2Fv2%2Fmedia&parent=16224"}],"wp:term":[{"taxonomy":"category","embeddable":true,"href":"https:\/\/informativoelvalledeaguascalientes.online\/index.php?rest_route=%2Fwp%2Fv2%2Fcategories&post=16224"},{"taxonomy":"post_tag","embeddable":true,"href":"https:\/\/informativoelvalledeaguascalientes.online\/index.php?rest_route=%2Fwp%2Fv2%2Ftags&post=16224"}],"curies":[{"name":"wp","href":"https:\/\/api.w.org\/{rel}","templated":true}]}}