{"id":16200,"date":"2021-02-09T15:38:26","date_gmt":"2021-02-09T21:38:26","guid":{"rendered":"https:\/\/informativoelvalledeaguascalientes.online\/?p=16200"},"modified":"2021-02-09T15:38:26","modified_gmt":"2021-02-09T21:38:26","slug":"propone-issea-nuevo-esquema-de-atencion-integral-a-la-salud-bucal","status":"publish","type":"post","link":"https:\/\/informativoelvalledeaguascalientes.online\/?p=16200","title":{"rendered":"PROPONE ISSEA NUEVO ESQUEMA DE ATENCI\u00d3N INTEGRAL A LA SALUD BUCAL"},"content":{"rendered":"<p>&nbsp;<\/p>\n<ul>\n<li dir=\"ltr\">\n<p dir=\"ltr\">La intenci\u00f3n es que el paciente al acudir a consulta dental, tambi\u00e9n reciba atenci\u00f3n m\u00e9dica familiar, para que en caso de tener alguna enfermedad adicional, se logre tener un control integral<\/p>\n<\/li>\n<li dir=\"ltr\">\n<p dir=\"ltr\">Las enfermedades bucales son consideradas un problema de salud p\u00fablica por su alta prevalencia y severidad, las cuales contribuyen en gran medida al agravamiento de las condiciones generales de salud, al ausentismo escolar y laboral: LFRM<\/p>\n<\/li>\n<\/ul>\n<p>&nbsp;<\/p>\n<p dir=\"ltr\">Trabaja el Instituto de Servicios de Salud del Estado de Aguascalientes (ISSEA) en el dise\u00f1o de un esquema de atenci\u00f3n a la salud bucal multidisciplinario, que incluya la participaci\u00f3n de un m\u00e9dico, un odont\u00f3logo y un nutri\u00f3logo, para as\u00ed combatir la alta incidencia de las enfermedades cr\u00f3nicas degenerativas.<\/p>\n<p>&nbsp;<\/p>\n<p dir=\"ltr\">A prop\u00f3sito del D\u00eda Mundial del Dentista, el responsable estatal de Salud Bucal del ISSEA, Luis Fernando Rodr\u00edguez Mu\u00f1oz, se\u00f1al\u00f3 que las enfermedades bucales son consideradas un problema de salud p\u00fablica por su alta prevalencia y severidad, las cuales contribuyen al agravamiento de las condiciones generales de salud, al ausentismo escolar y laboral.<\/p>\n<p>&nbsp;<\/p>\n<p dir=\"ltr\">Explic\u00f3 que la salud bucal no s\u00f3lo es importante para la apariencia y el bienestar, sino tambi\u00e9n para la salud en general del individuo, pues diversos estudios se\u00f1alan una asociaci\u00f3n directa entre las condiciones bucales y sist\u00e9micas del paciente, y de manera especial, dijo, se ha analizado a detalle la relaci\u00f3n entre la enfermedad periodontal inflamatoria y las enfermedades sist\u00e9micas como las cardiovasculares, la diabetes, enfermedades respiratorias y los resultados adversos durante el embarazo.<\/p>\n<p>&nbsp;<\/p>\n<p dir=\"ltr\">Por lo anterior, el especialista del ISSEA explic\u00f3 que con el nuevo esquema de atenci\u00f3n a la salud bucal multidisciplinario, el paciente que acude a consulta dental, tambi\u00e9n reciba atenci\u00f3n m\u00e9dica familiar para que, en caso de presentar alguna enfermedad adicional, tenga un control integral que derive en un bienestar general.<\/p>\n<p>&nbsp;<\/p>\n<p dir=\"ltr\">Rodr\u00edguez Mu\u00f1oz, inform\u00f3 que el ISSEA cuenta con 85 consultorio dentales que operan en las diferentes unidades de salud, centros de salud y hospitales que se encuentran en todos los municipios de Aguascalientes.<\/p>\n","protected":false},"excerpt":{"rendered":"<p>&nbsp; La intenci\u00f3n es que el paciente al acudir a consulta dental, tambi\u00e9n reciba atenci\u00f3n m\u00e9dica familiar, para que en caso de tener alguna enfermedad adicional, se logre tener un control integral Las enfermedades bucales son consideradas un problema de salud p\u00fablica por su alta prevalencia y severidad, las cuales contribuyen en gran medida al [&hellip;]<\/p>\n","protected":false},"author":1,"featured_media":16201,"comment_status":"closed","ping_status":"open","sticky":false,"template":"","format":"standard","meta":{"advanced_seo_description":"","jetpack_seo_html_title":"","jetpack_seo_noindex":false,"_jetpack_memberships_contains_paid_content":false,"footnotes":"","jetpack_publicize_message":"","jetpack_publicize_feature_enabled":true,"jetpack_social_post_already_shared":true,"jetpack_social_options":{"image_generator_settings":{"template":"highway","default_image_id":0,"font":"","enabled":false},"version":2}},"categories":[21,4],"tags":[22,30],"class_list":["post-16200","post","type-post","status-publish","format-standard","has-post-thumbnail","hentry","category-aguascalientes","category-gobierno-del-estado-aguascalientes","tag-aguascalientes","tag-issea"],"jetpack_publicize_connections":[],"jetpack_featured_media_url":"https:\/\/i0.wp.com\/informativoelvalledeaguascalientes.online\/wp-content\/uploads\/2021\/02\/WhatsApp-Image-2021-02-09-at-2.13.33-PM.jpeg?fit=1024%2C768&ssl=1","jetpack-related-posts":[],"jetpack_sharing_enabled":true,"jetpack_likes_enabled":true,"_links":{"self":[{"href":"https:\/\/informativoelvalledeaguascalientes.online\/index.php?rest_route=\/wp\/v2\/posts\/16200","targetHints":{"allow":["GET"]}}],"collection":[{"href":"https:\/\/informativoelvalledeaguascalientes.online\/index.php?rest_route=\/wp\/v2\/posts"}],"about":[{"href":"https:\/\/informativoelvalledeaguascalientes.online\/index.php?rest_route=\/wp\/v2\/types\/post"}],"author":[{"embeddable":true,"href":"https:\/\/informativoelvalledeaguascalientes.online\/index.php?rest_route=\/wp\/v2\/users\/1"}],"replies":[{"embeddable":true,"href":"https:\/\/informativoelvalledeaguascalientes.online\/index.php?rest_route=%2Fwp%2Fv2%2Fcomments&post=16200"}],"version-history":[{"count":1,"href":"https:\/\/informativoelvalledeaguascalientes.online\/index.php?rest_route=\/wp\/v2\/posts\/16200\/revisions"}],"predecessor-version":[{"id":16202,"href":"https:\/\/informativoelvalledeaguascalientes.online\/index.php?rest_route=\/wp\/v2\/posts\/16200\/revisions\/16202"}],"wp:featuredmedia":[{"embeddable":true,"href":"https:\/\/informativoelvalledeaguascalientes.online\/index.php?rest_route=\/wp\/v2\/media\/16201"}],"wp:attachment":[{"href":"https:\/\/informativoelvalledeaguascalientes.online\/index.php?rest_route=%2Fwp%2Fv2%2Fmedia&parent=16200"}],"wp:term":[{"taxonomy":"category","embeddable":true,"href":"https:\/\/informativoelvalledeaguascalientes.online\/index.php?rest_route=%2Fwp%2Fv2%2Fcategories&post=16200"},{"taxonomy":"post_tag","embeddable":true,"href":"https:\/\/informativoelvalledeaguascalientes.online\/index.php?rest_route=%2Fwp%2Fv2%2Ftags&post=16200"}],"curies":[{"name":"wp","href":"https:\/\/api.w.org\/{rel}","templated":true}]}}