{"id":1619,"date":"2020-01-10T23:13:00","date_gmt":"2020-01-11T05:13:00","guid":{"rendered":"http:\/\/informativoelvalledeaguascalientes.online\/?p=1619"},"modified":"2020-01-10T23:13:00","modified_gmt":"2020-01-11T05:13:00","slug":"realiza-la-primera-sesion-del-ano-el-consejo-para-el-desarrollo-metropolitano-del-estado","status":"publish","type":"post","link":"https:\/\/informativoelvalledeaguascalientes.online\/?p=1619","title":{"rendered":"\u00a0REALIZA LA PRIMERA SESI\u00d3N DEL A\u00d1O EL CONSEJO PARA EL DESARROLLO METROPOLITANO DEL ESTADO"},"content":{"rendered":"<p dir=\"ltr\">\u2022\u00a0\u00a0\u00a0 Presentaron la agenda y lineamientos con los que trabajar\u00e1 la Comisi\u00f3n en este a\u00f1o 2020<\/p>\n<p dir=\"ltr\">\u2022\u00a0\u00a0\u00a0 Acordaron reforzar la vinculaci\u00f3n y el trabajo coordinado entre el Estado y los municipios de Aguascalientes, Jes\u00fas Mar\u00eda y San Francisco de los Romo<\/p>\n<p>&nbsp;<\/p>\n<p dir=\"ltr\">Se llev\u00f3 a cabo la primera sesi\u00f3n de este a\u00f1o del Consejo para el Desarrollo Metropolitano del Estado de Aguascalientes, cuya funci\u00f3n es aprobar los proyectos estrat\u00e9gicos que se presentan a la Secretar\u00eda de Hacienda y Cr\u00e9dito P\u00fablico, para que sean financiados con recurso del Fideicomiso del Fondo Metropolitano.<\/p>\n<p>&nbsp;<\/p>\n<p dir=\"ltr\">Durante la sesi\u00f3n encabezada por\u00a0 la Coordinaci\u00f3n General de Planeaci\u00f3n y Proyectos (Cplap), su titular Ricardo Alfredo Serrano Rangel, present\u00f3 ante los miembros de esta Comisi\u00f3n, la agenda con la que trabajar\u00e1n el resto de este 2020.<\/p>\n<p>&nbsp;<\/p>\n<p dir=\"ltr\">Asimismo se establecieron los lineamientos y criterios t\u00e9cnicos en el desarrollo de los proyectos estrat\u00e9gicos que se presentar\u00e1n ante la federaci\u00f3n a fin de facilitar la gesti\u00f3n de recursos para su ejecuci\u00f3n.<\/p>\n<p>&nbsp;<\/p>\n<p dir=\"ltr\">Se destac\u00f3 en esta reuni\u00f3n la importancia de reforzar los lazos interinstitucionales con las instancias relacionadas en estos asuntos, pero sobre todo la de continuar trabajando coordinadamente entre el Estado y los municipios de Aguascalientes, Jes\u00fas Mar\u00eda y San Francisco de los Romo, con la finalidad de aplicar los proyectos que beneficien a las familias de estas alcald\u00edas que\u00a0 integran la zona metropolitana de la entidad.<\/p>\n<p>&nbsp;<\/p>\n<p dir=\"ltr\">Respecto al consejo, es importante mencionar que est\u00e1 integrado por un \u00f3rgano interinstitucional formado por la Coordinaci\u00f3n General de Planeaci\u00f3n y Proyectos, la Secretar\u00eda General de Gobierno, la Secretar\u00eda de Finanzas, la Secretar\u00eda de Gesti\u00f3n Urban\u00edstica, Ordenamiento Territorial, Registral y Catastral (Seguot), la Coordinaci\u00f3n de Movilidad, las Secretar\u00edas de Desarrollo Social,\u00a0 de Sustentabilidad, Medio Ambiente y Agua, as\u00ed como la de Obras P\u00fablicas; por parte de la federaci\u00f3n un representante de la Secretar\u00eda de Desarrollo Agrario, Territorial y Urbano, as\u00ed como un representante de la Secretar\u00eda de Medio Ambiente y Recursos Naturales.<\/p>\n","protected":false},"excerpt":{"rendered":"<p>\u2022\u00a0\u00a0\u00a0 Presentaron la agenda y lineamientos con los que trabajar\u00e1 la Comisi\u00f3n en este a\u00f1o 2020 \u2022\u00a0\u00a0\u00a0 Acordaron reforzar la vinculaci\u00f3n y el trabajo coordinado entre el Estado y los municipios de Aguascalientes, Jes\u00fas Mar\u00eda y San Francisco de los Romo &nbsp; Se llev\u00f3 a cabo la primera sesi\u00f3n de este a\u00f1o del Consejo para [&hellip;]<\/p>\n","protected":false},"author":1,"featured_media":1620,"comment_status":"closed","ping_status":"open","sticky":false,"template":"","format":"standard","meta":{"_monsterinsights_skip_tracking":false,"advanced_seo_description":"","jetpack_seo_html_title":"","jetpack_seo_noindex":false,"jetpack_seo_schema_type":"","_jetpack_newsletter_access":"","_jetpack_dont_email_post_to_subs":false,"_jetpack_newsletter_tier_id":0,"_jetpack_memberships_contains_paywalled_content":false,"_jetpack_feature_clip_id":0,"_jetpack_memberships_contains_paid_content":false,"footnotes":"","jetpack_publicize_message":"","jetpack_publicize_feature_enabled":true,"jetpack_social_post_already_shared":false,"jetpack_social_options":{"image_generator_settings":{"template":"highway","default_image_id":0,"font":"","enabled":false},"version":2},"jetpack_post_was_ever_published":false},"categories":[21,4],"tags":[22,71],"class_list":["post-1619","post","type-post","status-publish","format-standard","has-post-thumbnail","hentry","category-aguascalientes","category-gobierno-del-estado-aguascalientes","tag-aguascalientes","tag-cplap"],"jetpack_publicize_connections":[],"jetpack_featured_media_url":"https:\/\/i0.wp.com\/informativoelvalledeaguascalientes.online\/wp-content\/uploads\/2020\/01\/cplap_10012020.jpg?fit=1024%2C684&ssl=1","jetpack-related-posts":[],"jetpack_sharing_enabled":true,"jetpack_likes_enabled":true,"_links":{"self":[{"href":"https:\/\/informativoelvalledeaguascalientes.online\/index.php?rest_route=\/wp\/v2\/posts\/1619","targetHints":{"allow":["GET"]}}],"collection":[{"href":"https:\/\/informativoelvalledeaguascalientes.online\/index.php?rest_route=\/wp\/v2\/posts"}],"about":[{"href":"https:\/\/informativoelvalledeaguascalientes.online\/index.php?rest_route=\/wp\/v2\/types\/post"}],"author":[{"embeddable":true,"href":"https:\/\/informativoelvalledeaguascalientes.online\/index.php?rest_route=\/wp\/v2\/users\/1"}],"replies":[{"embeddable":true,"href":"https:\/\/informativoelvalledeaguascalientes.online\/index.php?rest_route=%2Fwp%2Fv2%2Fcomments&post=1619"}],"version-history":[{"count":1,"href":"https:\/\/informativoelvalledeaguascalientes.online\/index.php?rest_route=\/wp\/v2\/posts\/1619\/revisions"}],"predecessor-version":[{"id":1621,"href":"https:\/\/informativoelvalledeaguascalientes.online\/index.php?rest_route=\/wp\/v2\/posts\/1619\/revisions\/1621"}],"wp:featuredmedia":[{"embeddable":true,"href":"https:\/\/informativoelvalledeaguascalientes.online\/index.php?rest_route=\/wp\/v2\/media\/1620"}],"wp:attachment":[{"href":"https:\/\/informativoelvalledeaguascalientes.online\/index.php?rest_route=%2Fwp%2Fv2%2Fmedia&parent=1619"}],"wp:term":[{"taxonomy":"category","embeddable":true,"href":"https:\/\/informativoelvalledeaguascalientes.online\/index.php?rest_route=%2Fwp%2Fv2%2Fcategories&post=1619"},{"taxonomy":"post_tag","embeddable":true,"href":"https:\/\/informativoelvalledeaguascalientes.online\/index.php?rest_route=%2Fwp%2Fv2%2Ftags&post=1619"}],"curies":[{"name":"wp","href":"https:\/\/api.w.org\/{rel}","templated":true}]}}