{"id":16064,"date":"2021-02-05T00:56:05","date_gmt":"2021-02-05T06:56:05","guid":{"rendered":"https:\/\/informativoelvalledeaguascalientes.online\/?p=16064"},"modified":"2021-02-05T00:56:05","modified_gmt":"2021-02-05T06:56:05","slug":"estados-y-federacion-van-por-vacunacion-anticovid-en-centros-de-salud-con-personal-capacitado","status":"publish","type":"post","link":"https:\/\/informativoelvalledeaguascalientes.online\/?p=16064","title":{"rendered":"ESTADOS Y FEDERACI\u00d3N VAN POR VACUNACI\u00d3N ANTICOVID EN CENTROS DE SALUD CON PERSONAL CAPACITADO"},"content":{"rendered":"<p style=\"font-weight: 400;\">\n<ul>\n<li style=\"font-weight: 400;\"><strong><em>Autoridades federales tambi\u00e9n propiciar\u00e1n que encargados del operativo \u201cCorrecaminos\u201d tengan mayor coordinaci\u00f3n con los gobiernos estatales<\/em><\/strong><\/li>\n<li style=\"font-weight: 400;\"><strong><em>La titular de la Secretar\u00eda de Gobernaci\u00f3n se\u00f1ala que seg\u00fan el \u00e1mbito de sus facultades, estados y sus municipios son responsables de las medidas de contenci\u00f3n<\/em><\/strong><\/li>\n<\/ul>\n<p style=\"font-weight: 400;\"><strong><em>\u00a0<\/em><\/strong><\/p>\n<p style=\"font-weight: 400;\">Con la representaci\u00f3n del gobernador Mart\u00edn Orozco Sandoval, el secretario general de Gobierno, Juan Manuel Flores Femat, particip\u00f3 en la reuni\u00f3n virtual que la secretaria de Gobernaci\u00f3n, Olga S\u00e1nchez Cordero, y el\u00a0 subsecretario de Salud, Hugo L\u00f3pez-Gatell, sostuvieron con los gobernadores de las entidades federativas, en la que a solicitud de los mandatarios estatales, se lleg\u00f3 al acuerdo de que los centros de salud son los lugares m\u00e1s adecuados para la aplicaci\u00f3n de la vacuna contra la COVID-19, y no los centros de bienestar.<\/p>\n<p style=\"font-weight: 400;\">\n<p style=\"font-weight: 400;\">Durante la reuni\u00f3n, en la que los funcionarios federales expusieron el esquema nacional de vacunaci\u00f3n, tambi\u00e9n acordaron que los encargados de la aplicaci\u00f3n ser\u00e1 el personal m\u00e9dico y capacitado de los sistemas de salud p\u00fablicos y privados de cada entidad.<\/p>\n<p style=\"font-weight: 400;\">\n<p style=\"font-weight: 400;\">Otro de los compromisos fue que las autoridades federales propiciar\u00e1n que los encargados del operativo \u201cCorrecaminos\u201d, el programa especial del gobierno federal para la aplicaci\u00f3n del biol\u00f3gico contra la COVID-19, tengan mayor coordinaci\u00f3n con los gobiernos estatales.<\/p>\n<p style=\"font-weight: 400;\">\n<p style=\"font-weight: 400;\">Finalmente, S\u00e1nchez Cordero refiri\u00f3 que en tanto inici\u00e9 el esquema de vacunaci\u00f3n, son los estados y los municipios los responsables de la implementaci\u00f3n de medidas para la contenci\u00f3n de la crisis sanitaria y la valoraci\u00f3n en la suspensi\u00f3n o reactivaci\u00f3n econ\u00f3mica, por lo que la vigilancia y operaci\u00f3n de mercados, tianguis y giros reglamentados como centros de diversi\u00f3n nocturna, recae en cada Ayuntamiento.<\/p>\n","protected":false},"excerpt":{"rendered":"<p>Autoridades federales tambi\u00e9n propiciar\u00e1n que encargados del operativo \u201cCorrecaminos\u201d tengan mayor coordinaci\u00f3n con los gobiernos estatales La titular de la Secretar\u00eda de Gobernaci\u00f3n se\u00f1ala que seg\u00fan el \u00e1mbito de sus facultades, estados y sus municipios son responsables de las medidas de contenci\u00f3n \u00a0 Con la representaci\u00f3n del gobernador Mart\u00edn Orozco Sandoval, el secretario general de [&hellip;]<\/p>\n","protected":false},"author":1,"featured_media":16065,"comment_status":"closed","ping_status":"open","sticky":false,"template":"","format":"standard","meta":{"_monsterinsights_skip_tracking":false,"advanced_seo_description":"","jetpack_seo_html_title":"","jetpack_seo_noindex":false,"jetpack_seo_schema_type":"","_jetpack_newsletter_access":"","_jetpack_dont_email_post_to_subs":false,"_jetpack_newsletter_tier_id":0,"_jetpack_memberships_contains_paywalled_content":false,"_jetpack_feature_clip_id":0,"_jetpack_memberships_contains_paid_content":false,"footnotes":"","jetpack_publicize_message":"","jetpack_publicize_feature_enabled":true,"jetpack_social_post_already_shared":true,"jetpack_social_options":{"image_generator_settings":{"template":"highway","default_image_id":0,"font":"","enabled":false},"version":2},"jetpack_post_was_ever_published":false},"categories":[21,4],"tags":[22,51],"class_list":["post-16064","post","type-post","status-publish","format-standard","has-post-thumbnail","hentry","category-aguascalientes","category-gobierno-del-estado-aguascalientes","tag-aguascalientes","tag-seggob"],"jetpack_publicize_connections":[],"jetpack_featured_media_url":"https:\/\/i0.wp.com\/informativoelvalledeaguascalientes.online\/wp-content\/uploads\/2021\/02\/WhatsApp-Image-2021-02-04-at-3.38.34-PM-2.jpeg?fit=1280%2C853&ssl=1","jetpack-related-posts":[],"jetpack_sharing_enabled":true,"jetpack_likes_enabled":true,"_links":{"self":[{"href":"https:\/\/informativoelvalledeaguascalientes.online\/index.php?rest_route=\/wp\/v2\/posts\/16064","targetHints":{"allow":["GET"]}}],"collection":[{"href":"https:\/\/informativoelvalledeaguascalientes.online\/index.php?rest_route=\/wp\/v2\/posts"}],"about":[{"href":"https:\/\/informativoelvalledeaguascalientes.online\/index.php?rest_route=\/wp\/v2\/types\/post"}],"author":[{"embeddable":true,"href":"https:\/\/informativoelvalledeaguascalientes.online\/index.php?rest_route=\/wp\/v2\/users\/1"}],"replies":[{"embeddable":true,"href":"https:\/\/informativoelvalledeaguascalientes.online\/index.php?rest_route=%2Fwp%2Fv2%2Fcomments&post=16064"}],"version-history":[{"count":1,"href":"https:\/\/informativoelvalledeaguascalientes.online\/index.php?rest_route=\/wp\/v2\/posts\/16064\/revisions"}],"predecessor-version":[{"id":16066,"href":"https:\/\/informativoelvalledeaguascalientes.online\/index.php?rest_route=\/wp\/v2\/posts\/16064\/revisions\/16066"}],"wp:featuredmedia":[{"embeddable":true,"href":"https:\/\/informativoelvalledeaguascalientes.online\/index.php?rest_route=\/wp\/v2\/media\/16065"}],"wp:attachment":[{"href":"https:\/\/informativoelvalledeaguascalientes.online\/index.php?rest_route=%2Fwp%2Fv2%2Fmedia&parent=16064"}],"wp:term":[{"taxonomy":"category","embeddable":true,"href":"https:\/\/informativoelvalledeaguascalientes.online\/index.php?rest_route=%2Fwp%2Fv2%2Fcategories&post=16064"},{"taxonomy":"post_tag","embeddable":true,"href":"https:\/\/informativoelvalledeaguascalientes.online\/index.php?rest_route=%2Fwp%2Fv2%2Ftags&post=16064"}],"curies":[{"name":"wp","href":"https:\/\/api.w.org\/{rel}","templated":true}]}}