{"id":16011,"date":"2021-02-03T19:22:53","date_gmt":"2021-02-04T01:22:53","guid":{"rendered":"https:\/\/informativoelvalledeaguascalientes.online\/?p=16011"},"modified":"2021-02-03T19:22:53","modified_gmt":"2021-02-04T01:22:53","slug":"arranca-el-chmh-su-programa-integral-de-rehabilitacion-fisica-presencial","status":"publish","type":"post","link":"https:\/\/informativoelvalledeaguascalientes.online\/?p=16011","title":{"rendered":"ARRANCA EL CHMH SU PROGRAMA INTEGRAL DE REHABILITACI\u00d3N F\u00cdSICA PRESENCIAL"},"content":{"rendered":"<p dir=\"ltr\">\n<p>&nbsp;<\/p>\n<ul>\n<li dir=\"ltr\">\n<p dir=\"ltr\">Un equipo interdisciplinario de profesionales de la salud ofrecen terapias f\u00edsicas, sesiones de rehabilitaci\u00f3n pulmonar, seguimiento m\u00e9dico y orientaci\u00f3n nutricional a los pacientes egresados de las \u00e1reas Covid del CHMH<\/p>\n<\/li>\n<\/ul>\n<p>&nbsp;<\/p>\n<p dir=\"ltr\">El Centenario Hospital Miguel Hidalgo (CHMH) arranc\u00f3 su Programa Integral de Rehabilitaci\u00f3n F\u00edsica de forma presencial, dirigido a pacientes recuperados de Coronavirus (Covid-19) y que tiene por objetivo devolverle su capacidad pulmonar y de movimiento.<\/p>\n<p>&nbsp;<\/p>\n<p dir=\"ltr\">El jefe del \u00e1rea de Urgencias del Hospital, Ricardo Silva Cruz, inform\u00f3 que un equipo interdisciplinario integrado por nutri\u00f3logos, m\u00e9dicos y terapistas f\u00edsicos, atienden de forma presencial a los egresados de las \u00e1reas Covid, es decir, quienes atravesaron por un periodo de hospitalizaci\u00f3n, que estuvieron en terapia intensiva o intubados, para que recuperen totalmente su salud despu\u00e9s de permanecer mucho tiempo inm\u00f3viles en una cama.<\/p>\n<p>&nbsp;<\/p>\n<p dir=\"ltr\">Precis\u00f3 que entre los servicios que se les otorgan a los pacientes est\u00e1n las terapias f\u00edsicas para devolver la movilidad al cuerpo, sesiones de rehabilitaci\u00f3n pulmonar, seguimiento en atenci\u00f3n m\u00e9dica y orientaci\u00f3n nutricional para que recuperen la masa muscular que perdieron durante su hospitalizaci\u00f3n.<\/p>\n<p>&nbsp;<\/p>\n<p dir=\"ltr\">Silva Cruz a\u00f1adi\u00f3 que este Programa de Rehabilitaci\u00f3n F\u00edsica tiene una duraci\u00f3n aproximada de dos meses e inicia inmediatamente despu\u00e9s de que el paciente deja la asistencia del ox\u00edgeno para su supervivencia.<\/p>\n<p>&nbsp;<\/p>\n<p dir=\"ltr\">Indic\u00f3 que en este momento son 20 pacientes los que participan en este programa de rehabilitaci\u00f3n presencial, el cual funciona de forma paralela al Programa de Seguimiento a trav\u00e9s de videollamadas a enfermos que se encuentran viviendo su recuperaci\u00f3n en su domicilio.<\/p>\n<p>&nbsp;<\/p>\n<p dir=\"ltr\">Finalmente, el urgenci\u00f3logo a\u00f1adi\u00f3 que se trata de un trabajo en equipo de un grupo de especialistas que tienen por objetivo devolver la salud al paciente recuperado de Covid-19, de tal forma que su condici\u00f3n f\u00edsica sea igual o mejor que cuando se contagiaron.<\/p>\n","protected":false},"excerpt":{"rendered":"<p>&nbsp; Un equipo interdisciplinario de profesionales de la salud ofrecen terapias f\u00edsicas, sesiones de rehabilitaci\u00f3n pulmonar, seguimiento m\u00e9dico y orientaci\u00f3n nutricional a los pacientes egresados de las \u00e1reas Covid del CHMH &nbsp; El Centenario Hospital Miguel Hidalgo (CHMH) arranc\u00f3 su Programa Integral de Rehabilitaci\u00f3n F\u00edsica de forma presencial, dirigido a pacientes recuperados de Coronavirus (Covid-19) [&hellip;]<\/p>\n","protected":false},"author":1,"featured_media":16014,"comment_status":"closed","ping_status":"open","sticky":false,"template":"","format":"standard","meta":{"advanced_seo_description":"","jetpack_seo_html_title":"","jetpack_seo_noindex":false,"_jetpack_memberships_contains_paid_content":false,"footnotes":"","jetpack_publicize_message":"","jetpack_publicize_feature_enabled":true,"jetpack_social_post_already_shared":true,"jetpack_social_options":{"image_generator_settings":{"template":"highway","default_image_id":0,"font":"","enabled":false},"version":2}},"categories":[21,4],"tags":[22,30],"class_list":["post-16011","post","type-post","status-publish","format-standard","has-post-thumbnail","hentry","category-aguascalientes","category-gobierno-del-estado-aguascalientes","tag-aguascalientes","tag-issea"],"jetpack_publicize_connections":[],"jetpack_featured_media_url":"https:\/\/i0.wp.com\/informativoelvalledeaguascalientes.online\/wp-content\/uploads\/2021\/02\/WhatsApp-Image-2021-02-03-at-1.51.49-PM-1.jpeg?fit=933%2C1003&ssl=1","jetpack-related-posts":[],"jetpack_sharing_enabled":true,"jetpack_likes_enabled":true,"_links":{"self":[{"href":"https:\/\/informativoelvalledeaguascalientes.online\/index.php?rest_route=\/wp\/v2\/posts\/16011","targetHints":{"allow":["GET"]}}],"collection":[{"href":"https:\/\/informativoelvalledeaguascalientes.online\/index.php?rest_route=\/wp\/v2\/posts"}],"about":[{"href":"https:\/\/informativoelvalledeaguascalientes.online\/index.php?rest_route=\/wp\/v2\/types\/post"}],"author":[{"embeddable":true,"href":"https:\/\/informativoelvalledeaguascalientes.online\/index.php?rest_route=\/wp\/v2\/users\/1"}],"replies":[{"embeddable":true,"href":"https:\/\/informativoelvalledeaguascalientes.online\/index.php?rest_route=%2Fwp%2Fv2%2Fcomments&post=16011"}],"version-history":[{"count":1,"href":"https:\/\/informativoelvalledeaguascalientes.online\/index.php?rest_route=\/wp\/v2\/posts\/16011\/revisions"}],"predecessor-version":[{"id":16013,"href":"https:\/\/informativoelvalledeaguascalientes.online\/index.php?rest_route=\/wp\/v2\/posts\/16011\/revisions\/16013"}],"wp:featuredmedia":[{"embeddable":true,"href":"https:\/\/informativoelvalledeaguascalientes.online\/index.php?rest_route=\/wp\/v2\/media\/16014"}],"wp:attachment":[{"href":"https:\/\/informativoelvalledeaguascalientes.online\/index.php?rest_route=%2Fwp%2Fv2%2Fmedia&parent=16011"}],"wp:term":[{"taxonomy":"category","embeddable":true,"href":"https:\/\/informativoelvalledeaguascalientes.online\/index.php?rest_route=%2Fwp%2Fv2%2Fcategories&post=16011"},{"taxonomy":"post_tag","embeddable":true,"href":"https:\/\/informativoelvalledeaguascalientes.online\/index.php?rest_route=%2Fwp%2Fv2%2Ftags&post=16011"}],"curies":[{"name":"wp","href":"https:\/\/api.w.org\/{rel}","templated":true}]}}