{"id":16008,"date":"2021-02-03T18:49:06","date_gmt":"2021-02-04T00:49:06","guid":{"rendered":"https:\/\/informativoelvalledeaguascalientes.online\/?p=16008"},"modified":"2021-02-03T18:49:06","modified_gmt":"2021-02-04T00:49:06","slug":"llama-gobernador-y-sector-salud-a-reducir-movilidad-social-y-evitar-eventos-masivos","status":"publish","type":"post","link":"https:\/\/informativoelvalledeaguascalientes.online\/?p=16008","title":{"rendered":"LLAMA GOBERNADOR Y SECTOR SALUD A REDUCIR MOVILIDAD SOCIAL Y EVITAR EVENTOS MASIVOS\u00a0"},"content":{"rendered":"<p dir=\"ltr\">\n<ul>\n<li dir=\"ltr\">\n<p dir=\"ltr\">Grupo etario de j\u00f3venes ha incrementado la mortalidad en los \u00faltimos meses debido a su movilidad<\/p>\n<\/li>\n<li dir=\"ltr\">\n<p dir=\"ltr\">Se instalar\u00e1n en el Aeropuerto m\u00f3dulos para realizaci\u00f3n de pruebas COVID-19 a viajeros internacionales<\/p>\n<\/li>\n<\/ul>\n<p dir=\"ltr\">Luego del \u00faltimo decreto emitido por el Gobierno Estatal\u00a0 hace m\u00e1s de una semana, para reducir las actividades sociales en Aguascalientes, se ha observado de manera reiterada un relajamiento de la poblaci\u00f3n en la aplicaci\u00f3n de medidas sanitarias, lament\u00f3 el gobernador Mart\u00edn Orozco Sandoval en rueda de prensa.<\/p>\n<p dir=\"ltr\">El mandatario refiri\u00f3 que desafortunadamente, existen sectores que acuden a eventos masivos, fiestas en las calles u otras aglomeraciones; por ello, nuevamente hizo un llamado a la concientizaci\u00f3n y responsabilidad social, pues depende del apoyo de todas y todos para reducir con los contagios, hospitalizaciones y decesos.<\/p>\n<p dir=\"ltr\">Orozco Sandoval inform\u00f3 que luego de analizar los indicadores epidemiol\u00f3gicos de la pandemia en los \u00faltimos d\u00edas, se observa que Aguascalientes pasa por una meseta, pero a pesar de que se han controlado los n\u00fameros a comparaci\u00f3n de hace dos semanas, a\u00fan se vive un momento preocupante.<\/p>\n<p dir=\"ltr\">Por \u00faltimo, el gobernador enfatiz\u00f3 que la Guardia Sanitaria ha hecho esfuerzos extraordinarios en la vigilancia de las medidas sanitarias, esto a pesar de la nula participaci\u00f3n del municipio capital, sin embargo, asegur\u00f3 que se mantendr\u00e1 el\u00a0 trabajo desde el gobierno del estado, siempre priorizando la salud de todas y todos.<\/p>\n<p dir=\"ltr\">Por otra parte, anunci\u00f3 que a partir de la pr\u00f3xima semana, el Aeropuerto Internacional de Aguascalientes \u201cJes\u00fas Ter\u00e1n Peredo\u201d, instalar\u00e1 una serie de m\u00f3dulos especiales para la realizaci\u00f3n de pruebas de COVID-19 a viajeros internacionales.<\/p>\n<p dir=\"ltr\">Al rendir el informe t\u00e9cnico sobre COVID-19 en la entidad, el secretario de Salud, Miguel \u00c1ngel Piza Jim\u00e9nez hizo hincapi\u00e9 en que hoy en d\u00eda, a comparaci\u00f3n de hace algunos meses, est\u00e1n falleciendo m\u00e1s j\u00f3venes a consecuencia del SARS-CoV-2 y es este grupo etario el que m\u00e1s llega a los hospitales por s\u00edntomas de coronavirus.<\/p>\n<p dir=\"ltr\">En este sentido, invit\u00f3 a la concientizaci\u00f3n de este grupo poblacional para que sea responsable de su comportamiento, evitar las aglomeraciones y los eventos con gran cantidad de personas, pues de ello depende en gran medida poner freno a los contagios.<\/p>\n<p dir=\"ltr\">Piza Jim\u00e9nez destac\u00f3 que son 17 mil 296 casos positivos acumulados de COVID, 14 mil 94 personas se han recuperado y 1 mil 987 han fallecido por esta enfermedad.<\/p>\n","protected":false},"excerpt":{"rendered":"<p>Grupo etario de j\u00f3venes ha incrementado la mortalidad en los \u00faltimos meses debido a su movilidad Se instalar\u00e1n en el Aeropuerto m\u00f3dulos para realizaci\u00f3n de pruebas COVID-19 a viajeros internacionales Luego del \u00faltimo decreto emitido por el Gobierno Estatal\u00a0 hace m\u00e1s de una semana, para reducir las actividades sociales en Aguascalientes, se ha observado de [&hellip;]<\/p>\n","protected":false},"author":1,"featured_media":16009,"comment_status":"closed","ping_status":"open","sticky":false,"template":"","format":"standard","meta":{"advanced_seo_description":"","jetpack_seo_html_title":"","jetpack_seo_noindex":false,"_jetpack_memberships_contains_paid_content":false,"footnotes":"","jetpack_publicize_message":"","jetpack_publicize_feature_enabled":true,"jetpack_social_post_already_shared":true,"jetpack_social_options":{"image_generator_settings":{"template":"highway","default_image_id":0,"font":"","enabled":false},"version":2}},"categories":[21,4],"tags":[22,30,31],"class_list":["post-16008","post","type-post","status-publish","format-standard","has-post-thumbnail","hentry","category-aguascalientes","category-gobierno-del-estado-aguascalientes","tag-aguascalientes","tag-issea","tag-mos"],"jetpack_publicize_connections":[],"jetpack_featured_media_url":"https:\/\/i0.wp.com\/informativoelvalledeaguascalientes.online\/wp-content\/uploads\/2021\/02\/WhatsApp-Image-2021-02-03-at-10.49.23-AM.jpeg?fit=1048%2C699&ssl=1","jetpack-related-posts":[],"jetpack_sharing_enabled":true,"jetpack_likes_enabled":true,"_links":{"self":[{"href":"https:\/\/informativoelvalledeaguascalientes.online\/index.php?rest_route=\/wp\/v2\/posts\/16008","targetHints":{"allow":["GET"]}}],"collection":[{"href":"https:\/\/informativoelvalledeaguascalientes.online\/index.php?rest_route=\/wp\/v2\/posts"}],"about":[{"href":"https:\/\/informativoelvalledeaguascalientes.online\/index.php?rest_route=\/wp\/v2\/types\/post"}],"author":[{"embeddable":true,"href":"https:\/\/informativoelvalledeaguascalientes.online\/index.php?rest_route=\/wp\/v2\/users\/1"}],"replies":[{"embeddable":true,"href":"https:\/\/informativoelvalledeaguascalientes.online\/index.php?rest_route=%2Fwp%2Fv2%2Fcomments&post=16008"}],"version-history":[{"count":1,"href":"https:\/\/informativoelvalledeaguascalientes.online\/index.php?rest_route=\/wp\/v2\/posts\/16008\/revisions"}],"predecessor-version":[{"id":16010,"href":"https:\/\/informativoelvalledeaguascalientes.online\/index.php?rest_route=\/wp\/v2\/posts\/16008\/revisions\/16010"}],"wp:featuredmedia":[{"embeddable":true,"href":"https:\/\/informativoelvalledeaguascalientes.online\/index.php?rest_route=\/wp\/v2\/media\/16009"}],"wp:attachment":[{"href":"https:\/\/informativoelvalledeaguascalientes.online\/index.php?rest_route=%2Fwp%2Fv2%2Fmedia&parent=16008"}],"wp:term":[{"taxonomy":"category","embeddable":true,"href":"https:\/\/informativoelvalledeaguascalientes.online\/index.php?rest_route=%2Fwp%2Fv2%2Fcategories&post=16008"},{"taxonomy":"post_tag","embeddable":true,"href":"https:\/\/informativoelvalledeaguascalientes.online\/index.php?rest_route=%2Fwp%2Fv2%2Ftags&post=16008"}],"curies":[{"name":"wp","href":"https:\/\/api.w.org\/{rel}","templated":true}]}}