{"id":15744,"date":"2021-01-25T21:22:57","date_gmt":"2021-01-26T03:22:57","guid":{"rendered":"https:\/\/informativoelvalledeaguascalientes.online\/?p=15744"},"modified":"2021-01-25T21:22:57","modified_gmt":"2021-01-26T03:22:57","slug":"llegaran-mas-vacunas-anti-covid-19-para-aguascalientes-tono-martin-del-campo","status":"publish","type":"post","link":"https:\/\/informativoelvalledeaguascalientes.online\/?p=15744","title":{"rendered":"LLEGAR\u00c1N M\u00c1S VACUNAS ANTI COVID-19 PARA AGUASCALIENTES: TO\u00d1O MART\u00cdN DEL CAMPO"},"content":{"rendered":"<p>&nbsp;<\/p>\n<ul>\n<li style=\"font-weight: 400;\" aria-level=\"1\"><b>De tomar el Gobierno del Estado la decisi\u00f3n de adquirirlas, \u00e9stas estar\u00edan disponibles para el mes de marzo<\/b><\/li>\n<\/ul>\n<p>&nbsp;<\/p>\n<ul>\n<li style=\"font-weight: 400;\" aria-level=\"1\"><b>Con un promedio de 300 a 400 mil dosis, se lograr\u00eda inmunizar a la totalidad del personal m\u00e9dico de primera l\u00ednea, as\u00ed como a la poblaci\u00f3n de 50 a\u00f1os y m\u00e1s<\/b><\/li>\n<\/ul>\n<p>&nbsp;<\/p>\n<ul>\n<li style=\"font-weight: 400;\" aria-level=\"1\"><b>Asimismo se debe dar prioridad a Gobernadores y en una segunda etapa a los Alcaldes<\/b><\/li>\n<\/ul>\n<p>&nbsp;<\/p>\n<p><span style=\"font-weight: 400;\">Preocupado por garantizar que la vacuna anti COVID-19 llegue a toda la poblaci\u00f3n de Aguascalientes, el Senador To\u00f1o Mart\u00edn del Campo considera viable y segura la adquisici\u00f3n por parte del Gobierno del Estado del biol\u00f3gico Sputnik V, procedente de Rusia y as\u00ed lograr que ning\u00fan ciudadano se quede sin ser inmunizado.<\/span><\/p>\n<p><span style=\"font-weight: 400;\">Refiri\u00f3 que en d\u00edas pasados obtuvo informaci\u00f3n sobre esta vacuna que ya se encuentra en la fase tres de las pruebas correspondientes, por lo que una vez aprobada por la COFEPRIS representar\u00eda una excelente opci\u00f3n para ser aplicada en nuestro estado, as\u00ed mismo refiri\u00f3 que hace unos d\u00edas algunos empresarios del ramo farmace\u00fatico lo contactaron para ver la posibilidad de hacerla llegar a la entidad por medio de Gobierno del Estado.<\/span><\/p>\n<p><i><span style=\"font-weight: 400;\">\u201cEl Presidente ya tuvo una reuni\u00f3n v\u00eda telef\u00f3nica con Vladimir Putin, entonces creo que la informaci\u00f3n que me pasaron puede ser positiva y ahora s\u00ed hacer esos puentes, ojal\u00e1 que el Gobierno del Estado analizara muy bien la posibilidad de adquirirla\u201d.<\/span><\/i><\/p>\n<p><span style=\"font-weight: 400;\">Detall\u00f3 que de acuerdo a un an\u00e1lisis previo, se ha detectado que se requerir\u00edan un promedio de entre tres mil a cuatro mil dosis que llegar\u00edan en el mes de marzo a nuestro estado y se sumar\u00edan a las alrededor de 3\u00a0 millones que ya se tienen\u00a0 apalabradas con la farmac\u00e9utica Pfizer y con ello se lograr\u00eda inmunizar al personal m\u00e9dico que atiende en primera l\u00ednea el COVID 19 as\u00ed como a la poblaci\u00f3n de 50 a\u00f1os y m\u00e1s.<\/span><\/p>\n<p><span style=\"font-weight: 400;\">Asimismo dio a conocer que es importante que tanto Gobernadores y en una segunda instancia los Alcaldes, tengan acceso lo antes posible a la vacunaci\u00f3n, no as\u00ed representantes sociales como legisladores, a quienes en su momento y de acuerdo al grupo social al que pertenezcan recibir\u00e1n la dosis correspondiente al igual que el resto de la poblaci\u00f3n.<\/span><\/p>\n<p><i><span style=\"font-weight: 400;\">\u201cOjal\u00e1 que realmente se haga esta compra, aqu\u00ed son tres millones de dosis que supuestamente ya han adquirido o tienen apalabradas pero si se requiere est\u00e1 esta posibilidad. Falta que COFEPRIS la apruebe ya se encuentra en la tercera etapa\u201d.<\/span><\/i><\/p>\n","protected":false},"excerpt":{"rendered":"<p>&nbsp; De tomar el Gobierno del Estado la decisi\u00f3n de adquirirlas, \u00e9stas estar\u00edan disponibles para el mes de marzo &nbsp; Con un promedio de 300 a 400 mil dosis, se lograr\u00eda inmunizar a la totalidad del personal m\u00e9dico de primera l\u00ednea, as\u00ed como a la poblaci\u00f3n de 50 a\u00f1os y m\u00e1s &nbsp; Asimismo se debe [&hellip;]<\/p>\n","protected":false},"author":1,"featured_media":15745,"comment_status":"closed","ping_status":"open","sticky":false,"template":"","format":"standard","meta":{"advanced_seo_description":"","jetpack_seo_html_title":"","jetpack_seo_noindex":false,"_jetpack_memberships_contains_paid_content":false,"footnotes":"","jetpack_publicize_message":"","jetpack_publicize_feature_enabled":true,"jetpack_social_post_already_shared":true,"jetpack_social_options":{"image_generator_settings":{"template":"highway","default_image_id":0,"font":"","enabled":false},"version":2}},"categories":[21,7],"tags":[22,23,49],"class_list":["post-15744","post","type-post","status-publish","format-standard","has-post-thumbnail","hentry","category-aguascalientes","category-pan-aguascalientes","tag-aguascalientes","tag-pan-aguascalientes","tag-tono-martin-del-campo"],"jetpack_publicize_connections":[],"jetpack_featured_media_url":"https:\/\/i0.wp.com\/informativoelvalledeaguascalientes.online\/wp-content\/uploads\/2021\/01\/To%C3%B1o-Mart%C3%ADn-del-Campo-1-1.jpeg?fit=1024%2C725&ssl=1","jetpack-related-posts":[],"jetpack_sharing_enabled":true,"jetpack_likes_enabled":true,"_links":{"self":[{"href":"https:\/\/informativoelvalledeaguascalientes.online\/index.php?rest_route=\/wp\/v2\/posts\/15744","targetHints":{"allow":["GET"]}}],"collection":[{"href":"https:\/\/informativoelvalledeaguascalientes.online\/index.php?rest_route=\/wp\/v2\/posts"}],"about":[{"href":"https:\/\/informativoelvalledeaguascalientes.online\/index.php?rest_route=\/wp\/v2\/types\/post"}],"author":[{"embeddable":true,"href":"https:\/\/informativoelvalledeaguascalientes.online\/index.php?rest_route=\/wp\/v2\/users\/1"}],"replies":[{"embeddable":true,"href":"https:\/\/informativoelvalledeaguascalientes.online\/index.php?rest_route=%2Fwp%2Fv2%2Fcomments&post=15744"}],"version-history":[{"count":1,"href":"https:\/\/informativoelvalledeaguascalientes.online\/index.php?rest_route=\/wp\/v2\/posts\/15744\/revisions"}],"predecessor-version":[{"id":15746,"href":"https:\/\/informativoelvalledeaguascalientes.online\/index.php?rest_route=\/wp\/v2\/posts\/15744\/revisions\/15746"}],"wp:featuredmedia":[{"embeddable":true,"href":"https:\/\/informativoelvalledeaguascalientes.online\/index.php?rest_route=\/wp\/v2\/media\/15745"}],"wp:attachment":[{"href":"https:\/\/informativoelvalledeaguascalientes.online\/index.php?rest_route=%2Fwp%2Fv2%2Fmedia&parent=15744"}],"wp:term":[{"taxonomy":"category","embeddable":true,"href":"https:\/\/informativoelvalledeaguascalientes.online\/index.php?rest_route=%2Fwp%2Fv2%2Fcategories&post=15744"},{"taxonomy":"post_tag","embeddable":true,"href":"https:\/\/informativoelvalledeaguascalientes.online\/index.php?rest_route=%2Fwp%2Fv2%2Ftags&post=15744"}],"curies":[{"name":"wp","href":"https:\/\/api.w.org\/{rel}","templated":true}]}}