{"id":15739,"date":"2021-01-25T21:13:13","date_gmt":"2021-01-26T03:13:13","guid":{"rendered":"https:\/\/informativoelvalledeaguascalientes.online\/?p=15739"},"modified":"2021-01-25T21:13:13","modified_gmt":"2021-01-26T03:13:13","slug":"nuevo-decreto-de-movilidad-social-para-reducir-los-contagios-por-covid-19-y-mantener-niveles-optimos-de-atencion-en-sector-salud","status":"publish","type":"post","link":"https:\/\/informativoelvalledeaguascalientes.online\/?p=15739","title":{"rendered":"NUEVO DECRETO DE MOVILIDAD SOCIAL, PARA REDUCIR LOS CONTAGIOS POR COVID-19 y MANTENER NIVELES \u00d3PTIMOS DE ATENCI\u00d3N EN SECTOR SALUD."},"content":{"rendered":"<p dir=\"ltr\">\n<p>&nbsp;<\/p>\n<ul>\n<li dir=\"ltr\">\n<p dir=\"ltr\">La corresponsabilidad social es indispensable para prevenir la enfermedad.<\/p>\n<\/li>\n<li dir=\"ltr\">\n<p dir=\"ltr\">Municipios se comprometieron a regular horarios, aforos y actividad en tianguis, mercados, comercio informal y ambulantaje<\/p>\n<\/li>\n<\/ul>\n<p>&nbsp;<\/p>\n<p dir=\"ltr\">Durante las pr\u00f3ximas dos semanas entrar\u00e1 en vigor un nuevo decreto para reducir la movilidad social en Aguascalientes, esto con el fin de disminuir la tasa de contagios por COVID-19 y con ello mantener los niveles \u00f3ptimos de atenci\u00f3n hospitalaria en el sector salud, ya que durante los \u00faltimos d\u00edas se ha tenido un repunte en los casos tanto de positivos, como de hospitalizados, aunque los niveles no han alcanzado a los que se presentaron en octubre del 2020, as\u00ed lo expres\u00f3 el gobernador Mart\u00edn Orozco Sandoval.<\/p>\n<p>&nbsp;<\/p>\n<p dir=\"ltr\">En rueda de prensa, Orozco Sandoval se\u00f1al\u00f3 que estas medidas de restricci\u00f3n se llevar\u00e1n a cabo de manera coordinada con el sector empresarial, especialmente de servicios, as\u00ed como con los ayuntamientos, a los cuales hizo un llamado\u00a0 a dar cumplimiento puntual a las medidas establecidas en los espacios que les corresponde como son: tianguis, mercados, comercio informal y ambulantaje, adem\u00e1s de los giros reglamentados.<\/p>\n<p>&nbsp;<\/p>\n<p dir=\"ltr\">Finalmente, el gobernador de Aguascalientes record\u00f3 que la labor que se realiza en los hospitales del estado ha sido constante en cuanto a la atenci\u00f3n de pacientes con COVID; destacando el esfuerzo que esto conlleva tanto para el personal m\u00e9dico como para el abastecimiento y la adquisici\u00f3n de insumos.<\/p>\n<p>&nbsp;<\/p>\n<p dir=\"ltr\">Por su parte, el secretario general de gobierno, Juan Manuel Flores Femat, detall\u00f3 sobre las medidas incluidas en el decreto, que se reducir\u00e1 el aforo de comercios, restaurantes y bares, salones de fiestas o cualquier establecimiento con giro reglamentado, al 30 de su capacidad; asimismo para este tipo de establecimientos el horario de cierre deber\u00e1 ser a m\u00e1s tardar a las 22:00 horas.<\/p>\n<p>&nbsp;<\/p>\n<p dir=\"ltr\">Espect\u00e1culos o eventos p\u00fablicos de cualquier \u00edndole y cementerios quedan suspendidos; as\u00ed mismo se regular\u00e1 el aforo de parques y espacios p\u00fablicos como tianguis y centrales de abastos, as\u00ed como un aforo m\u00e1ximo de 30% para comercios de cualquier giro.<\/p>\n<p>&nbsp;<\/p>\n<p dir=\"ltr\">Flores Femat hizo hincapi\u00e9 en que los municipios se comprometieron a regular el horario, el aforo y el apego a las medidas sanitarias en cada establecimiento, pues esta labor es de competencia municipal y abonar\u00e1 al trabajo que realiza la Guardia Sanitaria; as\u00ed mismo se concret\u00f3 la vigilancia en tianguis, mercados y otros centros de comercio informal.<\/p>\n<p>&nbsp;<\/p>\n<p dir=\"ltr\">Adem\u00e1s destac\u00f3 que se ha mantenido una comunicaci\u00f3n estrecha con el empresariado aguascalentense, a fin de construir juntos soluciones y propuestas que permitan privilegiar la salud de las personas sin minar de forma dr\u00e1stica el factor econ\u00f3mico.<\/p>\n<p>&nbsp;<\/p>\n<p dir=\"ltr\">Para finalizar, las autoridades hicieron un nuevo llamado a la sociedad para hacer conciencia sobre la situaci\u00f3n de la pandemia, pues s\u00f3lo con la responsabilidad y acciones de todos puede prevenirse el contagio y con ello la complicaci\u00f3n de la enfermedad.<\/p>\n<p>&nbsp;<\/p>\n<p dir=\"ltr\">Respecto a los datos del reporte t\u00e9cnico COVID-19 en Aguascalientes, se registran 85 nuevos contagios y 10 fallecimientos; se encuentran graves 166 personas y 104 con necesidad de respiraci\u00f3n asistida.<\/p>\n<p dir=\"ltr\">\n<p dir=\"ltr\">\n<p dir=\"ltr\">\n<p dir=\"ltr\"><img data-recalc-dims=\"1\" loading=\"lazy\" decoding=\"async\" class=\"wp-image-15741 size-full alignleft\" src=\"https:\/\/i0.wp.com\/informativoelvalledeaguascalientes.online\/wp-content\/uploads\/2021\/01\/WhatsApp-Image-2021-01-25-at-11.07.09-AM.jpeg?resize=640%2C656\" alt=\"\" width=\"640\" height=\"656\" srcset=\"https:\/\/i0.wp.com\/informativoelvalledeaguascalientes.online\/wp-content\/uploads\/2021\/01\/WhatsApp-Image-2021-01-25-at-11.07.09-AM.jpeg?w=1041&amp;ssl=1 1041w, https:\/\/i0.wp.com\/informativoelvalledeaguascalientes.online\/wp-content\/uploads\/2021\/01\/WhatsApp-Image-2021-01-25-at-11.07.09-AM.jpeg?resize=293%2C300&amp;ssl=1 293w, https:\/\/i0.wp.com\/informativoelvalledeaguascalientes.online\/wp-content\/uploads\/2021\/01\/WhatsApp-Image-2021-01-25-at-11.07.09-AM.jpeg?resize=999%2C1024&amp;ssl=1 999w, https:\/\/i0.wp.com\/informativoelvalledeaguascalientes.online\/wp-content\/uploads\/2021\/01\/WhatsApp-Image-2021-01-25-at-11.07.09-AM.jpeg?resize=768%2C787&amp;ssl=1 768w\" sizes=\"auto, (max-width: 640px) 100vw, 640px\" \/><\/p>\n<p>&nbsp;<\/p>\n","protected":false},"excerpt":{"rendered":"<p>&nbsp; La corresponsabilidad social es indispensable para prevenir la enfermedad. Municipios se comprometieron a regular horarios, aforos y actividad en tianguis, mercados, comercio informal y ambulantaje &nbsp; Durante las pr\u00f3ximas dos semanas entrar\u00e1 en vigor un nuevo decreto para reducir la movilidad social en Aguascalientes, esto con el fin de disminuir la tasa de contagios [&hellip;]<\/p>\n","protected":false},"author":1,"featured_media":15740,"comment_status":"closed","ping_status":"open","sticky":false,"template":"","format":"standard","meta":{"advanced_seo_description":"","jetpack_seo_html_title":"","jetpack_seo_noindex":false,"_jetpack_memberships_contains_paid_content":false,"footnotes":"","jetpack_publicize_message":"","jetpack_publicize_feature_enabled":true,"jetpack_social_post_already_shared":true,"jetpack_social_options":{"image_generator_settings":{"template":"highway","default_image_id":0,"font":"","enabled":false},"version":2}},"categories":[21,4],"tags":[22,30],"class_list":["post-15739","post","type-post","status-publish","format-standard","has-post-thumbnail","hentry","category-aguascalientes","category-gobierno-del-estado-aguascalientes","tag-aguascalientes","tag-issea"],"jetpack_publicize_connections":[],"jetpack_featured_media_url":"https:\/\/i0.wp.com\/informativoelvalledeaguascalientes.online\/wp-content\/uploads\/2021\/01\/WhatsApp-Image-2021-01-25-at-12.07.47-PM-1.jpeg?fit=1267%2C1280&ssl=1","jetpack-related-posts":[],"jetpack_sharing_enabled":true,"jetpack_likes_enabled":true,"_links":{"self":[{"href":"https:\/\/informativoelvalledeaguascalientes.online\/index.php?rest_route=\/wp\/v2\/posts\/15739","targetHints":{"allow":["GET"]}}],"collection":[{"href":"https:\/\/informativoelvalledeaguascalientes.online\/index.php?rest_route=\/wp\/v2\/posts"}],"about":[{"href":"https:\/\/informativoelvalledeaguascalientes.online\/index.php?rest_route=\/wp\/v2\/types\/post"}],"author":[{"embeddable":true,"href":"https:\/\/informativoelvalledeaguascalientes.online\/index.php?rest_route=\/wp\/v2\/users\/1"}],"replies":[{"embeddable":true,"href":"https:\/\/informativoelvalledeaguascalientes.online\/index.php?rest_route=%2Fwp%2Fv2%2Fcomments&post=15739"}],"version-history":[{"count":1,"href":"https:\/\/informativoelvalledeaguascalientes.online\/index.php?rest_route=\/wp\/v2\/posts\/15739\/revisions"}],"predecessor-version":[{"id":15742,"href":"https:\/\/informativoelvalledeaguascalientes.online\/index.php?rest_route=\/wp\/v2\/posts\/15739\/revisions\/15742"}],"wp:featuredmedia":[{"embeddable":true,"href":"https:\/\/informativoelvalledeaguascalientes.online\/index.php?rest_route=\/wp\/v2\/media\/15740"}],"wp:attachment":[{"href":"https:\/\/informativoelvalledeaguascalientes.online\/index.php?rest_route=%2Fwp%2Fv2%2Fmedia&parent=15739"}],"wp:term":[{"taxonomy":"category","embeddable":true,"href":"https:\/\/informativoelvalledeaguascalientes.online\/index.php?rest_route=%2Fwp%2Fv2%2Fcategories&post=15739"},{"taxonomy":"post_tag","embeddable":true,"href":"https:\/\/informativoelvalledeaguascalientes.online\/index.php?rest_route=%2Fwp%2Fv2%2Ftags&post=15739"}],"curies":[{"name":"wp","href":"https:\/\/api.w.org\/{rel}","templated":true}]}}