{"id":1557,"date":"2020-01-09T18:32:31","date_gmt":"2020-01-10T00:32:31","guid":{"rendered":"http:\/\/informativoelvalledeaguascalientes.online\/?p=1557"},"modified":"2020-01-09T18:32:31","modified_gmt":"2020-01-10T00:32:31","slug":"no-se-firmara-convenio-para-desaparecer-seguro-popular-en-aguascalientes-mos","status":"publish","type":"post","link":"https:\/\/informativoelvalledeaguascalientes.online\/?p=1557","title":{"rendered":"NO SE FIRMAR\u00c1 CONVENIO PARA DESAPARECER SEGURO POPULAR EN AGUASCALIENTES: MOS"},"content":{"rendered":"<ul>\n<li dir=\"ltr\">\n<p dir=\"ltr\">Se proteger\u00e1 el derecho de los aguascalentenses a tener acceso a la salud<\/p>\n<\/li>\n<li dir=\"ltr\">\n<p dir=\"ltr\">Buscaremos mejorar el abasto de medicamentos en todas las cl\u00ednicas y hospitales; MOS<\/p>\n<\/li>\n<\/ul>\n<p dir=\"ltr\">\n<p dir=\"ltr\">Asegurar salud digna para todos es uno de los compromisos m\u00e1s importantes para Gobierno del Estado, es por eso que el Gobernador Mart\u00edn Orozco Sandoval\u00a0 asegur\u00f3 que no se firmar\u00e1 carta de intenci\u00f3n con Gobierno Federal para desaparecer el seguro Popular.<\/p>\n<p dir=\"ltr\">\n<p dir=\"ltr\">Orozco Sandoval, dijo que defender\u00e1 la permanencia de este organismo, pues todos los aguascalentenses tienen derecho a recibir salud digna de parte del Estado, por lo que se seguir\u00e1 atendiendo a todo aquel que cuente con este servicio, independientemente de que haya desaparecido.<\/p>\n<p dir=\"ltr\">\n<p dir=\"ltr\">As\u00ed mismo, el mandatario reafirm\u00f3 su compromiso para impulsar mecanismos que mejoren la calidad y condiciones de vida de los ciudadanos, por lo que asegur\u00f3 que se continuar\u00e1 trabajando para que el abasto de medicamentos sea suficiente en todas las cl\u00ednicas\u00a0 y hospitales del estado.<\/p>\n<p dir=\"ltr\">\n<p dir=\"ltr\">Agradeci\u00f3 a Luz Mar\u00eda Hern\u00e1ndez, dirigente del Frente Estatal de Organizaciones Independientes (FEOI), que siguiera atendiendo durante 25 a\u00f1os, las peticiones de las familias m\u00e1s vulnerables del Estado. desarrollo social de las familias m\u00e1s vulnerables del Estado, por lo que se trabaja constantemente en reafirmar los lazos de colaboraci\u00f3n con organismos como el .<\/p>\n","protected":false},"excerpt":{"rendered":"<p>Se proteger\u00e1 el derecho de los aguascalentenses a tener acceso a la salud Buscaremos mejorar el abasto de medicamentos en todas las cl\u00ednicas y hospitales; MOS Asegurar salud digna para todos es uno de los compromisos m\u00e1s importantes para Gobierno del Estado, es por eso que el Gobernador Mart\u00edn Orozco Sandoval\u00a0 asegur\u00f3 que no se [&hellip;]<\/p>\n","protected":false},"author":1,"featured_media":1558,"comment_status":"closed","ping_status":"open","sticky":false,"template":"","format":"standard","meta":{"advanced_seo_description":"","jetpack_seo_html_title":"","jetpack_seo_noindex":false,"_jetpack_memberships_contains_paid_content":false,"footnotes":"","jetpack_publicize_message":"","jetpack_publicize_feature_enabled":true,"jetpack_social_post_already_shared":false,"jetpack_social_options":{"image_generator_settings":{"template":"highway","default_image_id":0,"font":"","enabled":false},"version":2}},"categories":[21,4],"tags":[22,31],"class_list":["post-1557","post","type-post","status-publish","format-standard","has-post-thumbnail","hentry","category-aguascalientes","category-gobierno-del-estado-aguascalientes","tag-aguascalientes","tag-mos"],"jetpack_publicize_connections":[],"jetpack_featured_media_url":"https:\/\/i0.wp.com\/informativoelvalledeaguascalientes.online\/wp-content\/uploads\/2020\/01\/mos_09012020.jpg?fit=873%2C582&ssl=1","jetpack-related-posts":[],"jetpack_sharing_enabled":true,"jetpack_likes_enabled":true,"_links":{"self":[{"href":"https:\/\/informativoelvalledeaguascalientes.online\/index.php?rest_route=\/wp\/v2\/posts\/1557","targetHints":{"allow":["GET"]}}],"collection":[{"href":"https:\/\/informativoelvalledeaguascalientes.online\/index.php?rest_route=\/wp\/v2\/posts"}],"about":[{"href":"https:\/\/informativoelvalledeaguascalientes.online\/index.php?rest_route=\/wp\/v2\/types\/post"}],"author":[{"embeddable":true,"href":"https:\/\/informativoelvalledeaguascalientes.online\/index.php?rest_route=\/wp\/v2\/users\/1"}],"replies":[{"embeddable":true,"href":"https:\/\/informativoelvalledeaguascalientes.online\/index.php?rest_route=%2Fwp%2Fv2%2Fcomments&post=1557"}],"version-history":[{"count":2,"href":"https:\/\/informativoelvalledeaguascalientes.online\/index.php?rest_route=\/wp\/v2\/posts\/1557\/revisions"}],"predecessor-version":[{"id":1563,"href":"https:\/\/informativoelvalledeaguascalientes.online\/index.php?rest_route=\/wp\/v2\/posts\/1557\/revisions\/1563"}],"wp:featuredmedia":[{"embeddable":true,"href":"https:\/\/informativoelvalledeaguascalientes.online\/index.php?rest_route=\/wp\/v2\/media\/1558"}],"wp:attachment":[{"href":"https:\/\/informativoelvalledeaguascalientes.online\/index.php?rest_route=%2Fwp%2Fv2%2Fmedia&parent=1557"}],"wp:term":[{"taxonomy":"category","embeddable":true,"href":"https:\/\/informativoelvalledeaguascalientes.online\/index.php?rest_route=%2Fwp%2Fv2%2Fcategories&post=1557"},{"taxonomy":"post_tag","embeddable":true,"href":"https:\/\/informativoelvalledeaguascalientes.online\/index.php?rest_route=%2Fwp%2Fv2%2Ftags&post=1557"}],"curies":[{"name":"wp","href":"https:\/\/api.w.org\/{rel}","templated":true}]}}