{"id":1551,"date":"2020-01-09T16:54:02","date_gmt":"2020-01-09T22:54:02","guid":{"rendered":"http:\/\/informativoelvalledeaguascalientes.online\/?p=1551"},"modified":"2020-01-09T16:54:02","modified_gmt":"2020-01-09T22:54:02","slug":"convoca-el-municipio-de-calvillo-a-la-poblacion-para-que-reciba-beneficios-a-traves-del-dif-municipal-de-la-entidad","status":"publish","type":"post","link":"https:\/\/informativoelvalledeaguascalientes.online\/?p=1551","title":{"rendered":"Convoca el Municipio de Calvillo a la poblacion para que reciba beneficios a trav\u00e9s del DIF Municipal de la entidad."},"content":{"rendered":"<div>\ud83d\udd35 El gobierno municipal de Calvillo, a trav\u00e9s del DIF Calvillo, convoca a los interesados en recibir alguno de los siguientes beneficios:<br \/>\n\ud83d\udd39 Sillas de ruedas<br \/>\n\ud83d\udd39 Aparatos auditivos<br \/>\n\ud83d\udd39 Andaderas<br \/>\n\ud83d\udd39 Bastones<br \/>\n\ud83d\udd39 Pr\u00f3tesis de cadera y de rodilla<br \/>\n\ud83d\udd39 Cirug\u00eda de cataratas<br \/>\n\ud83d\udd39 Pr\u00f3tesis dentales<br \/>\n\ud83d\udd39 Muletas<br \/>\na presentar su\u00a0<img decoding=\"async\" class=\"CToWUd\" src=\"https:\/\/mail.google.com\/mail\/e\/1f449\" alt=\"\ud83d\udc49\" data-goomoji=\"1f449\" data-image-whitelisted=\"\" \/>\ud83c\udffcsolicitud, cumpliendo los siguientes requisitos:<br \/>\n\u25aa Diagn\u00f3stico m\u00e9dico<br \/>\n\u25aa CURP<br \/>\n\u25aa Acta de nacimiento<br \/>\n\u25aa Credencial del INE<br \/>\n\u25aa Comprobante de domicilio<\/p>\n<p>Recepci\u00f3n de solicitudes:<br \/>\n<img decoding=\"async\" class=\"CToWUd\" src=\"https:\/\/mail.google.com\/mail\/e\/1f6a9\" alt=\"\ud83d\udea9\" data-goomoji=\"1f6a9\" data-image-whitelisted=\"\" \/>\u00a07 al 20 de enero, de 8:00 am a 3;30 pm<br \/>\n<img decoding=\"async\" class=\"CToWUd\" src=\"https:\/\/mail.google.com\/mail\/e\/1f4cc\" alt=\"\ud83d\udccc\" data-goomoji=\"1f4cc\" data-image-whitelisted=\"\" \/>\u00a0DIF Calvillo, Ju\u00e1rez esquina Malec\u00f3n del R\u00edo Calvillo<\/div>\n<div><\/div>\n","protected":false},"excerpt":{"rendered":"<p>\ud83d\udd35 El gobierno municipal de Calvillo, a trav\u00e9s del DIF Calvillo, convoca a los interesados en recibir alguno de los siguientes beneficios: \ud83d\udd39 Sillas de ruedas \ud83d\udd39 Aparatos auditivos \ud83d\udd39 Andaderas \ud83d\udd39 Bastones \ud83d\udd39 Pr\u00f3tesis de cadera y de rodilla \ud83d\udd39 Cirug\u00eda de cataratas \ud83d\udd39 Pr\u00f3tesis dentales \ud83d\udd39 Muletas a presentar su\u00a0\ud83c\udffcsolicitud, cumpliendo los siguientes [&hellip;]<\/p>\n","protected":false},"author":1,"featured_media":1552,"comment_status":"closed","ping_status":"open","sticky":false,"template":"","format":"standard","meta":{"advanced_seo_description":"","jetpack_seo_html_title":"","jetpack_seo_noindex":false,"_jetpack_memberships_contains_paid_content":false,"footnotes":"","jetpack_publicize_message":"","jetpack_publicize_feature_enabled":true,"jetpack_social_post_already_shared":false,"jetpack_social_options":{"image_generator_settings":{"template":"highway","default_image_id":0,"font":"","enabled":false},"version":2}},"categories":[21,13],"tags":[88,29],"class_list":["post-1551","post","type-post","status-publish","format-standard","has-post-thumbnail","hentry","category-aguascalientes","category-calvillo-aguascalientes","tag-calvillo","tag-calvillo-aguascalientes"],"jetpack_publicize_connections":[],"jetpack_featured_media_url":"https:\/\/i0.wp.com\/informativoelvalledeaguascalientes.online\/wp-content\/uploads\/2020\/01\/calvillo_apoyos_08012020.jpg?fit=1080%2C762&ssl=1","jetpack-related-posts":[],"jetpack_sharing_enabled":true,"jetpack_likes_enabled":true,"_links":{"self":[{"href":"https:\/\/informativoelvalledeaguascalientes.online\/index.php?rest_route=\/wp\/v2\/posts\/1551","targetHints":{"allow":["GET"]}}],"collection":[{"href":"https:\/\/informativoelvalledeaguascalientes.online\/index.php?rest_route=\/wp\/v2\/posts"}],"about":[{"href":"https:\/\/informativoelvalledeaguascalientes.online\/index.php?rest_route=\/wp\/v2\/types\/post"}],"author":[{"embeddable":true,"href":"https:\/\/informativoelvalledeaguascalientes.online\/index.php?rest_route=\/wp\/v2\/users\/1"}],"replies":[{"embeddable":true,"href":"https:\/\/informativoelvalledeaguascalientes.online\/index.php?rest_route=%2Fwp%2Fv2%2Fcomments&post=1551"}],"version-history":[{"count":1,"href":"https:\/\/informativoelvalledeaguascalientes.online\/index.php?rest_route=\/wp\/v2\/posts\/1551\/revisions"}],"predecessor-version":[{"id":1553,"href":"https:\/\/informativoelvalledeaguascalientes.online\/index.php?rest_route=\/wp\/v2\/posts\/1551\/revisions\/1553"}],"wp:featuredmedia":[{"embeddable":true,"href":"https:\/\/informativoelvalledeaguascalientes.online\/index.php?rest_route=\/wp\/v2\/media\/1552"}],"wp:attachment":[{"href":"https:\/\/informativoelvalledeaguascalientes.online\/index.php?rest_route=%2Fwp%2Fv2%2Fmedia&parent=1551"}],"wp:term":[{"taxonomy":"category","embeddable":true,"href":"https:\/\/informativoelvalledeaguascalientes.online\/index.php?rest_route=%2Fwp%2Fv2%2Fcategories&post=1551"},{"taxonomy":"post_tag","embeddable":true,"href":"https:\/\/informativoelvalledeaguascalientes.online\/index.php?rest_route=%2Fwp%2Fv2%2Ftags&post=1551"}],"curies":[{"name":"wp","href":"https:\/\/api.w.org\/{rel}","templated":true}]}}