{"id":15452,"date":"2021-01-16T15:52:40","date_gmt":"2021-01-16T21:52:40","guid":{"rendered":"https:\/\/informativoelvalledeaguascalientes.online\/?p=15452"},"modified":"2021-01-16T15:52:40","modified_gmt":"2021-01-16T21:52:40","slug":"inaugura-mos-nuevo-modulo-para-mejoramiento-y-modernizacion-del-cereso","status":"publish","type":"post","link":"https:\/\/informativoelvalledeaguascalientes.online\/?p=15452","title":{"rendered":"INAUGURA MOS NUEVO M\u00d3DULO PARA MEJORAMIENTO Y MODERNIZACI\u00d3N DEL CERESO\u00a0\u00a0"},"content":{"rendered":"<p dir=\"ltr\">\n<p>&nbsp;<\/p>\n<ul>\n<li dir=\"ltr\">\n<p dir=\"ltr\">Este espacio cuenta con consultorio m\u00e9dico, locutorios, \u00e1reas de registro, estancias para resguardo, oficina, comedor, entre otros<\/p>\n<\/li>\n<li dir=\"ltr\">\n<p dir=\"ltr\">Con 8 millones de pesos se construy\u00f3 este m\u00f3dulo para continuar dignificando el Centro de Reinserci\u00f3n Social<\/p>\n<\/li>\n<\/ul>\n<p>&nbsp;<\/p>\n<p dir=\"ltr\">Con una inversi\u00f3n de 8 millones de pesos, esta tarde se inaugur\u00f3 formalmente el nuevo m\u00f3dulo en el Centro de Reinserci\u00f3n Social (CERESO) para varones, el cual se apega a las disposiciones hechas por Derechos Humanos en la Operaci\u00f3n del Sistema Penitenciario, y favorece mejores condiciones para las personas privadas de su libertad.<\/p>\n<p>&nbsp;<\/p>\n<p dir=\"ltr\">El gobernador de Aguascalientes, Mart\u00edn Orozco Sandoval, se\u00f1al\u00f3 que este espacio se suma al proyecto de dignificaci\u00f3n de los centros penitenciarios.<\/p>\n<p>&nbsp;<\/p>\n<p dir=\"ltr\">El espacio destinado a los PPL de reciente ingreso, fue construido en una superficie de 465.50 metros cuadrados y\u00a0 consta de consultorio m\u00e9dico, locutorios, \u00e1rea de registro, estancia para resguardo de personas, oficina, comedor, estancias, \u00e1reas de control y vigilancia.<\/p>\n<p>&nbsp;<\/p>\n<p dir=\"ltr\">Por su parte, el secretario de Seguridad P\u00fablica del Estado, Porfirio Javier S\u00e1nchez Mendoza, dio a conocer que al contar con un nuevo espacio de valoraci\u00f3n m\u00e9dica, los internos reci\u00e9n llegados permanecen en aislamiento en tanto se destinan a sus \u00e1reas correspondientes.<\/p>\n","protected":false},"excerpt":{"rendered":"<p>&nbsp; Este espacio cuenta con consultorio m\u00e9dico, locutorios, \u00e1reas de registro, estancias para resguardo, oficina, comedor, entre otros Con 8 millones de pesos se construy\u00f3 este m\u00f3dulo para continuar dignificando el Centro de Reinserci\u00f3n Social &nbsp; Con una inversi\u00f3n de 8 millones de pesos, esta tarde se inaugur\u00f3 formalmente el nuevo m\u00f3dulo en el Centro [&hellip;]<\/p>\n","protected":false},"author":1,"featured_media":15453,"comment_status":"closed","ping_status":"open","sticky":false,"template":"","format":"standard","meta":{"advanced_seo_description":"","jetpack_seo_html_title":"","jetpack_seo_noindex":false,"_jetpack_memberships_contains_paid_content":false,"footnotes":"","jetpack_publicize_message":"","jetpack_publicize_feature_enabled":true,"jetpack_social_post_already_shared":true,"jetpack_social_options":{"image_generator_settings":{"template":"highway","default_image_id":0,"font":"","enabled":false},"version":2}},"categories":[21,4],"tags":[22,31],"class_list":["post-15452","post","type-post","status-publish","format-standard","has-post-thumbnail","hentry","category-aguascalientes","category-gobierno-del-estado-aguascalientes","tag-aguascalientes","tag-mos"],"jetpack_publicize_connections":[],"jetpack_featured_media_url":"https:\/\/i0.wp.com\/informativoelvalledeaguascalientes.online\/wp-content\/uploads\/2021\/01\/WhatsApp-Image-2021-01-15-at-2.47.22-PM.jpeg?fit=1071%2C743&ssl=1","jetpack-related-posts":[],"jetpack_sharing_enabled":true,"jetpack_likes_enabled":true,"_links":{"self":[{"href":"https:\/\/informativoelvalledeaguascalientes.online\/index.php?rest_route=\/wp\/v2\/posts\/15452","targetHints":{"allow":["GET"]}}],"collection":[{"href":"https:\/\/informativoelvalledeaguascalientes.online\/index.php?rest_route=\/wp\/v2\/posts"}],"about":[{"href":"https:\/\/informativoelvalledeaguascalientes.online\/index.php?rest_route=\/wp\/v2\/types\/post"}],"author":[{"embeddable":true,"href":"https:\/\/informativoelvalledeaguascalientes.online\/index.php?rest_route=\/wp\/v2\/users\/1"}],"replies":[{"embeddable":true,"href":"https:\/\/informativoelvalledeaguascalientes.online\/index.php?rest_route=%2Fwp%2Fv2%2Fcomments&post=15452"}],"version-history":[{"count":1,"href":"https:\/\/informativoelvalledeaguascalientes.online\/index.php?rest_route=\/wp\/v2\/posts\/15452\/revisions"}],"predecessor-version":[{"id":15454,"href":"https:\/\/informativoelvalledeaguascalientes.online\/index.php?rest_route=\/wp\/v2\/posts\/15452\/revisions\/15454"}],"wp:featuredmedia":[{"embeddable":true,"href":"https:\/\/informativoelvalledeaguascalientes.online\/index.php?rest_route=\/wp\/v2\/media\/15453"}],"wp:attachment":[{"href":"https:\/\/informativoelvalledeaguascalientes.online\/index.php?rest_route=%2Fwp%2Fv2%2Fmedia&parent=15452"}],"wp:term":[{"taxonomy":"category","embeddable":true,"href":"https:\/\/informativoelvalledeaguascalientes.online\/index.php?rest_route=%2Fwp%2Fv2%2Fcategories&post=15452"},{"taxonomy":"post_tag","embeddable":true,"href":"https:\/\/informativoelvalledeaguascalientes.online\/index.php?rest_route=%2Fwp%2Fv2%2Ftags&post=15452"}],"curies":[{"name":"wp","href":"https:\/\/api.w.org\/{rel}","templated":true}]}}