{"id":15382,"date":"2021-01-13T23:56:58","date_gmt":"2021-01-14T05:56:58","guid":{"rendered":"https:\/\/informativoelvalledeaguascalientes.online\/?p=15382"},"modified":"2021-01-13T23:56:58","modified_gmt":"2021-01-14T05:56:58","slug":"se-aplican-en-aguascalientes-las-primeras-vacunas-a-personal-de-salud-de-primera-linea-de-atencion","status":"publish","type":"post","link":"https:\/\/informativoelvalledeaguascalientes.online\/?p=15382","title":{"rendered":"SE APLICAN EN AGUASCALIENTES LAS PRIMERAS VACUNAS A PERSONAL DE SALUD DE PRIMERA L\u00cdNEA DE ATENCI\u00d3N\u00a0"},"content":{"rendered":"<p dir=\"ltr\">\n<p>&nbsp;<\/p>\n<ul>\n<li dir=\"ltr\">\n<p dir=\"ltr\">El gobernador llam\u00f3 a la confianza en el biol\u00f3gico as\u00ed como en el s\u00f3lido sistema de salud que llevar\u00e1 a cabo la vacunaci\u00f3n con transparencia y eficacia<\/p>\n<\/li>\n<li dir=\"ltr\">\n<p dir=\"ltr\">Se reconoce el gran esfuerzo que ha hecho la federaci\u00f3n para que la vacuna llegue a las y los aguascalentenses<\/p>\n<\/li>\n<li dir=\"ltr\">\n<p dir=\"ltr\">Fueron cinco los primeros pacientes; m\u00e9dicos y enfermeras<\/p>\n<\/li>\n<\/ul>\n<p>&nbsp;<\/p>\n<p dir=\"ltr\">En un d\u00eda hist\u00f3rico para la sociedad de Aguascalientes, se aplicaron las primeras vacunas contra la COVID-19 en\u00a0un evento protocolario encabezado por el gobernador Mart\u00edn Orozco Sandoval.<\/p>\n<p>&nbsp;<\/p>\n<p dir=\"ltr\">El mandatario refiri\u00f3 que a partir de ahora se vislumbra el inicio del retorno a un estilo de vida con mayor normalidad y\u00a0 propio de la din\u00e1mica de desarrollo que se vive en Aguascalientes; por lo que llam\u00f3 a la sociedad a tener confianza en el soporte cient\u00edfico que hay detr\u00e1s de este biol\u00f3gico y al sector m\u00e9dico a seguir trabajando con diligencia.<\/p>\n<p>&nbsp;<\/p>\n<p dir=\"ltr\">Orozco Sandoval apunt\u00f3 que en Aguascalientes la aplicaci\u00f3n de la vacuna se llevar\u00e1 a cabo con transparencia, profesionalismo y un modelo eficiente a cargo del s\u00f3lido sistema de salud que ha contendido durante estos meses contra la pandemia.<\/p>\n<p>&nbsp;<\/p>\n<p dir=\"ltr\">El gobernador reconoci\u00f3 el gran esfuerzo que el gobierno federal realiza para que hoy sea posible la inoculaci\u00f3n de las y los aguascalentenses, destacando que en equipo con la Sedena, la administraci\u00f3n estatal dar\u00e1 ejemplo de un proceso de vacunaci\u00f3n de excelencia.<\/p>\n<p>&nbsp;<\/p>\n<p dir=\"ltr\">Por su parte, el secretario de Salud en Aguascalientes, Miguel \u00c1ngel Jim\u00e9nez Piza, llam\u00f3 al personal que integra el sistema de salud en la entidad a trabajar como se ha venido haciendo, dando ejemplo y confianza a nivel nacional de la eficiencia y eficacia del sector salud.<\/p>\n<p>&nbsp;<\/p>\n<p dir=\"ltr\">En el marco del evento, en el Hospital Tercer Milenio, el funcionario se congratul\u00f3 de que sean las primeras dosis de la vacuna de Pfizer las que se apliquen al personal m\u00e9dico que trabaja en la primera l\u00ednea de atenci\u00f3n al COVID-19, y los llam\u00f3 a promover la vacunaci\u00f3n entre la poblaci\u00f3n.<\/p>\n<p>&nbsp;<\/p>\n<p dir=\"ltr\">Posteriormente, para proseguir con la vacunaci\u00f3n de las y los primeros cinco m\u00e9dicos y enfermeras del estado, la doctora Mar\u00eda Guadalupe Dur\u00f3n Montoya, responsable estatal del programa de vacunas, explic\u00f3 que la inoculaci\u00f3n se lleva a cabo en varias etapas: el m\u00f3dulo de admisi\u00f3n para corroborar que el paciente se encuentra en la lista, el triage para descartar s\u00edntomas o condiciones que est\u00e9n contraindicadas, el m\u00f3dulo de registro en la Cartilla Nacional de Salud y posteriormente la aplicaci\u00f3n del biol\u00f3gico;\u00a0 finalmente se monitorear\u00e1 por expertos en urgencias al paciente, para descartar que haya reacciones.<\/p>\n<p>&nbsp;<\/p>\n<p dir=\"ltr\">En este evento se vacun\u00f3 a los m\u00e9dicos Susana Gabriela Roque Hern\u00e1ndez y Marco Alejandro Su\u00e1rez Guti\u00e9rrez; as\u00ed como a las enfermeras Caritina \u00c1lvarez Anguiano, Sonia Pedroza Mac\u00edas y Claudia Elizabeth Luna Lozoya.<\/p>\n","protected":false},"excerpt":{"rendered":"<p>&nbsp; El gobernador llam\u00f3 a la confianza en el biol\u00f3gico as\u00ed como en el s\u00f3lido sistema de salud que llevar\u00e1 a cabo la vacunaci\u00f3n con transparencia y eficacia Se reconoce el gran esfuerzo que ha hecho la federaci\u00f3n para que la vacuna llegue a las y los aguascalentenses Fueron cinco los primeros pacientes; m\u00e9dicos y [&hellip;]<\/p>\n","protected":false},"author":1,"featured_media":15380,"comment_status":"closed","ping_status":"open","sticky":false,"template":"","format":"standard","meta":{"advanced_seo_description":"","jetpack_seo_html_title":"","jetpack_seo_noindex":false,"_jetpack_memberships_contains_paid_content":false,"footnotes":"","jetpack_publicize_message":"","jetpack_publicize_feature_enabled":true,"jetpack_social_post_already_shared":true,"jetpack_social_options":{"image_generator_settings":{"template":"highway","default_image_id":0,"font":"","enabled":false},"version":2}},"categories":[21,4],"tags":[22,30],"class_list":["post-15382","post","type-post","status-publish","format-standard","has-post-thumbnail","hentry","category-aguascalientes","category-gobierno-del-estado-aguascalientes","tag-aguascalientes","tag-issea"],"jetpack_publicize_connections":[],"jetpack_featured_media_url":"https:\/\/i0.wp.com\/informativoelvalledeaguascalientes.online\/wp-content\/uploads\/2021\/01\/WhatsApp-Image-2021-01-13-at-9.52.46-AM.jpeg?fit=1280%2C853&ssl=1","jetpack-related-posts":[],"jetpack_sharing_enabled":true,"jetpack_likes_enabled":true,"_links":{"self":[{"href":"https:\/\/informativoelvalledeaguascalientes.online\/index.php?rest_route=\/wp\/v2\/posts\/15382","targetHints":{"allow":["GET"]}}],"collection":[{"href":"https:\/\/informativoelvalledeaguascalientes.online\/index.php?rest_route=\/wp\/v2\/posts"}],"about":[{"href":"https:\/\/informativoelvalledeaguascalientes.online\/index.php?rest_route=\/wp\/v2\/types\/post"}],"author":[{"embeddable":true,"href":"https:\/\/informativoelvalledeaguascalientes.online\/index.php?rest_route=\/wp\/v2\/users\/1"}],"replies":[{"embeddable":true,"href":"https:\/\/informativoelvalledeaguascalientes.online\/index.php?rest_route=%2Fwp%2Fv2%2Fcomments&post=15382"}],"version-history":[{"count":1,"href":"https:\/\/informativoelvalledeaguascalientes.online\/index.php?rest_route=\/wp\/v2\/posts\/15382\/revisions"}],"predecessor-version":[{"id":15384,"href":"https:\/\/informativoelvalledeaguascalientes.online\/index.php?rest_route=\/wp\/v2\/posts\/15382\/revisions\/15384"}],"wp:featuredmedia":[{"embeddable":true,"href":"https:\/\/informativoelvalledeaguascalientes.online\/index.php?rest_route=\/wp\/v2\/media\/15380"}],"wp:attachment":[{"href":"https:\/\/informativoelvalledeaguascalientes.online\/index.php?rest_route=%2Fwp%2Fv2%2Fmedia&parent=15382"}],"wp:term":[{"taxonomy":"category","embeddable":true,"href":"https:\/\/informativoelvalledeaguascalientes.online\/index.php?rest_route=%2Fwp%2Fv2%2Fcategories&post=15382"},{"taxonomy":"post_tag","embeddable":true,"href":"https:\/\/informativoelvalledeaguascalientes.online\/index.php?rest_route=%2Fwp%2Fv2%2Ftags&post=15382"}],"curies":[{"name":"wp","href":"https:\/\/api.w.org\/{rel}","templated":true}]}}