{"id":15360,"date":"2021-01-12T20:26:57","date_gmt":"2021-01-13T02:26:57","guid":{"rendered":"https:\/\/informativoelvalledeaguascalientes.online\/?p=15360"},"modified":"2021-01-12T20:26:57","modified_gmt":"2021-01-13T02:26:57","slug":"cmov-promueve-actividades-de-prevencion-de-adicciones-en-operadores-del-transporte-publico","status":"publish","type":"post","link":"https:\/\/informativoelvalledeaguascalientes.online\/?p=15360","title":{"rendered":"CMOV PROMUEVE ACTIVIDADES DE PREVENCI\u00d3N DE ADICCIONES EN OPERADORES DEL TRANSPORTE P\u00daBLICO"},"content":{"rendered":"<p>#informativoelvalledeaguascalientes\u00a0, #novaradioaguascalientes<\/p>\n<p dir=\"ltr\">La Coordinaci\u00f3n General de Movilidad (CMOV), en conjunto con la Direcci\u00f3n de Salud Mental y Adicciones del Instituto de Servicios de Salud del Estado de Aguascalientes (ISSEA) y el programa \u201cMarquemos Vidas\u201d, iniciaron actividades de concientizaci\u00f3n y prevenci\u00f3n en el consumo de alcohol y drogas en operadores de las modalidades colectivo urbano y taxi.<\/p>\n<p>&nbsp;<\/p>\n<p dir=\"ltr\">Para lo anterior, la Direcci\u00f3n de Salud Mental y Adicciones capacitar\u00e1 a operadores de transporte colectivo urbano y taxi mediante cursos de concientizaci\u00f3n y prevenci\u00f3n en el consumo de alcohol y drogas, esto a fin de socializar los protocolos de actuaci\u00f3n frente a operadores que est\u00e9n en riesgo de adicci\u00f3n.<\/p>\n<p>&nbsp;<\/p>\n<p dir=\"ltr\">Durante el arranque del programa estuvieron presentes en el acto Ricardo Serrano Rangel, titular de Movilidad en el estado; Martha M\u00e1rquez Alvarado, senadora por Aguascalientes y promotora del programa \u201cMarquemos Vidas\u201d; Francisco Javier Pedroza Cabrera, director de Salud Mental y Adicciones del ISSEA; Jos\u00e9 Antonio S\u00e1nchez G\u00f3mez, director general del Centro Estatal de Prevenci\u00f3n Social de la Violencia y la Delincuencia con Participaci\u00f3n Ciudadana (CEPSOVIDE), as\u00ed como empresarios concesionarios, operadores y personal de la Central Mexicana de Alcoh\u00f3licos An\u00f3nimos.<\/p>\n","protected":false},"excerpt":{"rendered":"<p>#informativoelvalledeaguascalientes\u00a0, #novaradioaguascalientes La Coordinaci\u00f3n General de Movilidad (CMOV), en conjunto con la Direcci\u00f3n de Salud Mental y Adicciones del Instituto de Servicios de Salud del Estado de Aguascalientes (ISSEA) y el programa \u201cMarquemos Vidas\u201d, iniciaron actividades de concientizaci\u00f3n y prevenci\u00f3n en el consumo de alcohol y drogas en operadores de las modalidades colectivo urbano y [&hellip;]<\/p>\n","protected":false},"author":1,"featured_media":15361,"comment_status":"closed","ping_status":"open","sticky":false,"template":"","format":"standard","meta":{"advanced_seo_description":"","jetpack_seo_html_title":"","jetpack_seo_noindex":false,"_jetpack_memberships_contains_paid_content":false,"footnotes":"","jetpack_publicize_message":"","jetpack_publicize_feature_enabled":true,"jetpack_social_post_already_shared":true,"jetpack_social_options":{"image_generator_settings":{"template":"highway","default_image_id":0,"font":"","enabled":false},"version":2}},"categories":[21,19,7,6],"tags":[22,41,23],"class_list":["post-15360","post","type-post","status-publish","format-standard","has-post-thumbnail","hentry","category-aguascalientes","category-informacion-general","category-pan-aguascalientes","category-partidos-politicos","tag-aguascalientes","tag-martha-marquez","tag-pan-aguascalientes"],"jetpack_publicize_connections":[],"jetpack_featured_media_url":"https:\/\/i0.wp.com\/informativoelvalledeaguascalientes.online\/wp-content\/uploads\/2021\/01\/cmov_12012021-2.jpg?fit=938%2C625&ssl=1","jetpack-related-posts":[],"jetpack_sharing_enabled":true,"jetpack_likes_enabled":true,"_links":{"self":[{"href":"https:\/\/informativoelvalledeaguascalientes.online\/index.php?rest_route=\/wp\/v2\/posts\/15360","targetHints":{"allow":["GET"]}}],"collection":[{"href":"https:\/\/informativoelvalledeaguascalientes.online\/index.php?rest_route=\/wp\/v2\/posts"}],"about":[{"href":"https:\/\/informativoelvalledeaguascalientes.online\/index.php?rest_route=\/wp\/v2\/types\/post"}],"author":[{"embeddable":true,"href":"https:\/\/informativoelvalledeaguascalientes.online\/index.php?rest_route=\/wp\/v2\/users\/1"}],"replies":[{"embeddable":true,"href":"https:\/\/informativoelvalledeaguascalientes.online\/index.php?rest_route=%2Fwp%2Fv2%2Fcomments&post=15360"}],"version-history":[{"count":1,"href":"https:\/\/informativoelvalledeaguascalientes.online\/index.php?rest_route=\/wp\/v2\/posts\/15360\/revisions"}],"predecessor-version":[{"id":15362,"href":"https:\/\/informativoelvalledeaguascalientes.online\/index.php?rest_route=\/wp\/v2\/posts\/15360\/revisions\/15362"}],"wp:featuredmedia":[{"embeddable":true,"href":"https:\/\/informativoelvalledeaguascalientes.online\/index.php?rest_route=\/wp\/v2\/media\/15361"}],"wp:attachment":[{"href":"https:\/\/informativoelvalledeaguascalientes.online\/index.php?rest_route=%2Fwp%2Fv2%2Fmedia&parent=15360"}],"wp:term":[{"taxonomy":"category","embeddable":true,"href":"https:\/\/informativoelvalledeaguascalientes.online\/index.php?rest_route=%2Fwp%2Fv2%2Fcategories&post=15360"},{"taxonomy":"post_tag","embeddable":true,"href":"https:\/\/informativoelvalledeaguascalientes.online\/index.php?rest_route=%2Fwp%2Fv2%2Ftags&post=15360"}],"curies":[{"name":"wp","href":"https:\/\/api.w.org\/{rel}","templated":true}]}}