{"id":15357,"date":"2021-01-12T19:56:33","date_gmt":"2021-01-13T01:56:33","guid":{"rendered":"https:\/\/informativoelvalledeaguascalientes.online\/?p=15357"},"modified":"2021-01-12T19:57:37","modified_gmt":"2021-01-13T01:57:37","slug":"avala-tono-martin-del-campo-decision-del-ine-de-suspender-mananeras-del-presidente","status":"publish","type":"post","link":"https:\/\/informativoelvalledeaguascalientes.online\/?p=15357","title":{"rendered":"AVALA TO\u00d1O MART\u00cdN DEL CAMPO DECISI\u00d3N DEL INE DE SUSPENDER \u201cMA\u00d1ANERAS\u201d DEL PRESIDENTE"},"content":{"rendered":"<p>#informativoelvalledeaguascalientes\u00a0, #novaradioaguascalientes<\/p>\n<ul>\n<li><strong>El objetivo es garantizar unos comicios transparentes donde exista piso parejo para todos<\/strong><\/li>\n<\/ul>\n<p><strong>\u00a0<\/strong><\/p>\n<ul>\n<li><strong>Con esto tambi\u00e9n se busca evitar la difusi\u00f3n ventajosa de los programas realizados por el Gobierno de la Rep\u00fablica y MORENA<\/strong><\/li>\n<\/ul>\n<p><strong>\u00a0<\/strong><\/p>\n<ul>\n<li><strong>De no acatarse esta disposici\u00f3n la Ley establece sanciones que van desde una amonestaci\u00f3n hasta la separaci\u00f3n del cargo<\/strong><\/li>\n<\/ul>\n<p>Con la finalidad de garantizar que el pr\u00f3ximo proceso electoral se desarrolle en un ambiente de total transparencia donde exista un piso parejo a todos los partidos pol\u00edticos, el Senador por Aguascalientes, To\u00f1o Mart\u00edn del Campo en su calidad de representante de los legisladores federales ante el Instituto Nacional Electoral (INE), se\u00f1al\u00f3 que avala la decisi\u00f3n del Instituto con respecto a la solicitud que le realiz\u00f3 al Presidente de la Rep\u00fablica para la \u00a0suspensi\u00f3n de sus conferencias \u201cma\u00f1aneras\u201d a partir del mes de abril.<\/p>\n<p>Lo anterior debido a que dicho foro es utilizado por el mandatario para descalificar a sus adversarios y a la oposici\u00f3n, as\u00ed como para promover sus programas y proyectos, lo que representar\u00eda una desventaja para el resto de los aspirantes.<\/p>\n<p><em>\u201cAfortunadamente en el INE si procedi\u00f3 esta queja y se le va a pedir al Presidente de la Rep\u00fablica que durante el tiempo que duren las campa\u00f1as evite las \u2018ma\u00f1aneras\u2019\u201d.<\/em><\/p>\n<p>Indic\u00f3 que los se\u00f1alamientos hechos durante estas conferencias que en ocasiones tienen una duraci\u00f3n de hasta tres horas, carecen de fundamentos y su \u00fanico objetivo es difundir las iniciativas del Gobierno y todo lo desarrollado por el partido en el poder: MORENA.<\/p>\n<p>Puntualiz\u00f3 que en caso de no acatarse esta disposici\u00f3n, la Ley en la materia establece varias sanciones que van desde una amonestaci\u00f3n en privado, seguida de una amonestaci\u00f3n p\u00fablica, una econ\u00f3mica y finalmente la separaci\u00f3n del cargo.<\/p>\n<p><em>\u201cEsperemos no llegar hasta esta \u00faltima y esperemos que el Presidente de la Rep\u00fablica realmente acate las indicaciones por parte del INE y que con esto tengamos unas elecciones limpias, claras, transparentes y sobre todo, con piso parejo\u201d.<\/em><\/p>\n","protected":false},"excerpt":{"rendered":"<p>#informativoelvalledeaguascalientes\u00a0, #novaradioaguascalientes El objetivo es garantizar unos comicios transparentes donde exista piso parejo para todos \u00a0 Con esto tambi\u00e9n se busca evitar la difusi\u00f3n ventajosa de los programas realizados por el Gobierno de la Rep\u00fablica y MORENA \u00a0 De no acatarse esta disposici\u00f3n la Ley establece sanciones que van desde una amonestaci\u00f3n hasta la separaci\u00f3n [&hellip;]<\/p>\n","protected":false},"author":1,"featured_media":15358,"comment_status":"closed","ping_status":"open","sticky":false,"template":"","format":"standard","meta":{"advanced_seo_description":"","jetpack_seo_html_title":"","jetpack_seo_noindex":false,"_jetpack_memberships_contains_paid_content":false,"footnotes":"","jetpack_publicize_message":"","jetpack_publicize_feature_enabled":true,"jetpack_social_post_already_shared":true,"jetpack_social_options":{"image_generator_settings":{"template":"highway","default_image_id":0,"font":"","enabled":false},"version":2}},"categories":[21,19,7,6],"tags":[22,23,49],"class_list":["post-15357","post","type-post","status-publish","format-standard","has-post-thumbnail","hentry","category-aguascalientes","category-informacion-general","category-pan-aguascalientes","category-partidos-politicos","tag-aguascalientes","tag-pan-aguascalientes","tag-tono-martin-del-campo"],"jetpack_publicize_connections":[],"jetpack_featured_media_url":"https:\/\/i0.wp.com\/informativoelvalledeaguascalientes.online\/wp-content\/uploads\/2021\/01\/To%C3%B1o-Mart%C3%ADn-del-Campo-1-e1610503048331.jpeg?fit=960%2C590&ssl=1","jetpack-related-posts":[],"jetpack_sharing_enabled":true,"jetpack_likes_enabled":true,"_links":{"self":[{"href":"https:\/\/informativoelvalledeaguascalientes.online\/index.php?rest_route=\/wp\/v2\/posts\/15357","targetHints":{"allow":["GET"]}}],"collection":[{"href":"https:\/\/informativoelvalledeaguascalientes.online\/index.php?rest_route=\/wp\/v2\/posts"}],"about":[{"href":"https:\/\/informativoelvalledeaguascalientes.online\/index.php?rest_route=\/wp\/v2\/types\/post"}],"author":[{"embeddable":true,"href":"https:\/\/informativoelvalledeaguascalientes.online\/index.php?rest_route=\/wp\/v2\/users\/1"}],"replies":[{"embeddable":true,"href":"https:\/\/informativoelvalledeaguascalientes.online\/index.php?rest_route=%2Fwp%2Fv2%2Fcomments&post=15357"}],"version-history":[{"count":1,"href":"https:\/\/informativoelvalledeaguascalientes.online\/index.php?rest_route=\/wp\/v2\/posts\/15357\/revisions"}],"predecessor-version":[{"id":15359,"href":"https:\/\/informativoelvalledeaguascalientes.online\/index.php?rest_route=\/wp\/v2\/posts\/15357\/revisions\/15359"}],"wp:featuredmedia":[{"embeddable":true,"href":"https:\/\/informativoelvalledeaguascalientes.online\/index.php?rest_route=\/wp\/v2\/media\/15358"}],"wp:attachment":[{"href":"https:\/\/informativoelvalledeaguascalientes.online\/index.php?rest_route=%2Fwp%2Fv2%2Fmedia&parent=15357"}],"wp:term":[{"taxonomy":"category","embeddable":true,"href":"https:\/\/informativoelvalledeaguascalientes.online\/index.php?rest_route=%2Fwp%2Fv2%2Fcategories&post=15357"},{"taxonomy":"post_tag","embeddable":true,"href":"https:\/\/informativoelvalledeaguascalientes.online\/index.php?rest_route=%2Fwp%2Fv2%2Ftags&post=15357"}],"curies":[{"name":"wp","href":"https:\/\/api.w.org\/{rel}","templated":true}]}}