{"id":15244,"date":"2021-01-07T22:59:37","date_gmt":"2021-01-08T04:59:37","guid":{"rendered":"https:\/\/informativoelvalledeaguascalientes.online\/?p=15244"},"modified":"2021-01-07T22:59:37","modified_gmt":"2021-01-08T04:59:37","slug":"debemos-reinventar-la-educacion-para-asumir-nuevos-retos-mos","status":"publish","type":"post","link":"https:\/\/informativoelvalledeaguascalientes.online\/?p=15244","title":{"rendered":"DEBEMOS REINVENTAR LA EDUCACI\u00d3N PARA ASUMIR NUEVOS RETOS: MOS"},"content":{"rendered":"<p dir=\"ltr\">\n<p dir=\"ltr\">\n<ul>\n<li dir=\"ltr\">\n<p dir=\"ltr\">Gobernador insta a todos los actores involucrados a sumar esfuerzos para mantener la calidad educativa en Aguascalientes<\/p>\n<\/li>\n<li dir=\"ltr\">\n<p dir=\"ltr\">Los y las estudiantes necesitan, adem\u00e1s de conocimientos, estabilidad emocional, por lo que los maestros deber\u00e1n hacer un esfuerzo extra<\/p>\n<\/li>\n<li dir=\"ltr\">\n<p dir=\"ltr\">Entrega nombramientos a asesores t\u00e9cnicos-pedag\u00f3gicos, quienes brindar\u00e1n asesor\u00eda y acompa\u00f1amiento a alumnos y alumnas de nivel b\u00e1sico<\/p>\n<\/li>\n<\/ul>\n<p dir=\"ltr\">En Aguascalientes debemos prepararnos todos los involucrados en el Gran Acuerdo Social por la Educaci\u00f3n para el regreso a las clases presenciales en cuanto sea posible, y con ello tratar de compensar las carencias que en materia de aprovechamiento han tenido los estudiantes de todos los niveles en la entidad, para continuar con la calidad educativa que nos caracteriza, as\u00ed lo se\u00f1al\u00f3 el gobernador del estado, Mart\u00edn Orozco Sandoval.<\/p>\n<p>&nbsp;<\/p>\n<p dir=\"ltr\">Al dar su mensaje de a\u00f1o nuevo al sector educativo, el mandatario estatal apunt\u00f3 que la pandemia ha dejado una profunda huella en los ni\u00f1os, ni\u00f1as, adolescentes y j\u00f3venes en su aprendizaje, por lo que es necesario replantear los m\u00e9todos de estudio para poder sacar adelante todos los niveles educativos con la mejor calidad posible.<\/p>\n<p>&nbsp;<\/p>\n<p dir=\"ltr\">Orozco Sandoval apunt\u00f3 que con la pandemia por COVID-19 se tuvieron que adaptar los m\u00e9todos para implementar educaci\u00f3n a distancia, cuidando la permanencia de los estudiantes, la menor reprobaci\u00f3n posible, as\u00ed como la eficiencia terminal, sin embargo, existen acciones que se deben reforzar para compensar las afectaciones que se han dado por el cambio de sistema derivado de la emergencia en salud.<\/p>\n<p>&nbsp;<\/p>\n<p dir=\"ltr\">En este sentido, tras reconocer el esfuerzo de los docentes, el gobernador invit\u00f3 a los maestros a prepararse en todos los sentidos para retornar a las aulas, donde podr\u00e1n observar que la pandemia ha dejado una huella en lo educativo y lo emocional de todos los estudiantes, por lo que los profesores tendr\u00e1n que hacer acopio de toda su inteligencia, su paciencia y vocaci\u00f3n para sacar adelante a esta generaci\u00f3n.<\/p>\n<p>&nbsp;<\/p>\n<p dir=\"ltr\">Finalmente, reiter\u00f3 que el regreso a clases ser\u00e1 analizado en conjunto con los dem\u00e1s actores y de ninguna manera se arriesgar\u00e1 la integridad de los estudiantes o trabajadores de la educaci\u00f3n, pero s\u00ed ser\u00e1 necesaria toda su voluntad para hacer de la educaci\u00f3n la esperanza de Aguascalientes.<\/p>\n<p dir=\"ltr\">\n<p dir=\"ltr\">Por otra parte, Ulises Reyes Esparza, director de carrera, en representaci\u00f3n del director general del Instituto de Educaci\u00f3n del Aguascalientes (IEA), Ra\u00fal Silva Perezchica, indic\u00f3 que el 2021 es un a\u00f1o de retos, ya que el magisterio tiene la oportunidad de trazar un nuevo comienzo para repensar la educaci\u00f3n, la did\u00e1ctica y la pr\u00e1ctica docente con desarrollo de la inteligencia emocional, el manejo de nuevas tecnolog\u00edas y la educaci\u00f3n biling\u00fce y dual.<\/p>\n<p dir=\"ltr\">\n<p dir=\"ltr\">Asimismo, Ram\u00f3n Garc\u00eda Arvizu, secretario general de la Secci\u00f3n I del Sindicato Nacional de los Trabajadores de la Educaci\u00f3n (SNTE), sostuvo que se redoblar\u00e1n los esfuerzos para seguir trabajando en coordinaci\u00f3n con las autoridades estatales en beneficio de docentes y estudiantes.<\/p>\n<p>&nbsp;<\/p>\n<p dir=\"ltr\">Durante el evento, el gobernador del estado entreg\u00f3 27 nombramientos de asesores t\u00e9cnicos-pedag\u00f3gicos a maestros y maestras de educaci\u00f3n preescolar, primaria y telesecundaria, quienes se incorporan al servicio como un reconocimiento para fortalecer el sistema de asesor\u00eda y acompa\u00f1amiento a los y las estudiantes.<\/p>\n","protected":false},"excerpt":{"rendered":"<p>Gobernador insta a todos los actores involucrados a sumar esfuerzos para mantener la calidad educativa en Aguascalientes Los y las estudiantes necesitan, adem\u00e1s de conocimientos, estabilidad emocional, por lo que los maestros deber\u00e1n hacer un esfuerzo extra Entrega nombramientos a asesores t\u00e9cnicos-pedag\u00f3gicos, quienes brindar\u00e1n asesor\u00eda y acompa\u00f1amiento a alumnos y alumnas de nivel b\u00e1sico En [&hellip;]<\/p>\n","protected":false},"author":1,"featured_media":15245,"comment_status":"closed","ping_status":"open","sticky":false,"template":"","format":"standard","meta":{"advanced_seo_description":"","jetpack_seo_html_title":"","jetpack_seo_noindex":false,"_jetpack_memberships_contains_paid_content":false,"footnotes":"","jetpack_publicize_message":"","jetpack_publicize_feature_enabled":true,"jetpack_social_post_already_shared":true,"jetpack_social_options":{"image_generator_settings":{"template":"highway","default_image_id":0,"font":"","enabled":false},"version":2}},"categories":[21,4],"tags":[22,31],"class_list":["post-15244","post","type-post","status-publish","format-standard","has-post-thumbnail","hentry","category-aguascalientes","category-gobierno-del-estado-aguascalientes","tag-aguascalientes","tag-mos"],"jetpack_publicize_connections":[],"jetpack_featured_media_url":"https:\/\/i0.wp.com\/informativoelvalledeaguascalientes.online\/wp-content\/uploads\/2021\/01\/WhatsApp-Image-2021-01-07-at-11.11.04.jpeg?fit=1280%2C994&ssl=1","jetpack-related-posts":[],"jetpack_sharing_enabled":true,"jetpack_likes_enabled":true,"_links":{"self":[{"href":"https:\/\/informativoelvalledeaguascalientes.online\/index.php?rest_route=\/wp\/v2\/posts\/15244","targetHints":{"allow":["GET"]}}],"collection":[{"href":"https:\/\/informativoelvalledeaguascalientes.online\/index.php?rest_route=\/wp\/v2\/posts"}],"about":[{"href":"https:\/\/informativoelvalledeaguascalientes.online\/index.php?rest_route=\/wp\/v2\/types\/post"}],"author":[{"embeddable":true,"href":"https:\/\/informativoelvalledeaguascalientes.online\/index.php?rest_route=\/wp\/v2\/users\/1"}],"replies":[{"embeddable":true,"href":"https:\/\/informativoelvalledeaguascalientes.online\/index.php?rest_route=%2Fwp%2Fv2%2Fcomments&post=15244"}],"version-history":[{"count":1,"href":"https:\/\/informativoelvalledeaguascalientes.online\/index.php?rest_route=\/wp\/v2\/posts\/15244\/revisions"}],"predecessor-version":[{"id":15246,"href":"https:\/\/informativoelvalledeaguascalientes.online\/index.php?rest_route=\/wp\/v2\/posts\/15244\/revisions\/15246"}],"wp:featuredmedia":[{"embeddable":true,"href":"https:\/\/informativoelvalledeaguascalientes.online\/index.php?rest_route=\/wp\/v2\/media\/15245"}],"wp:attachment":[{"href":"https:\/\/informativoelvalledeaguascalientes.online\/index.php?rest_route=%2Fwp%2Fv2%2Fmedia&parent=15244"}],"wp:term":[{"taxonomy":"category","embeddable":true,"href":"https:\/\/informativoelvalledeaguascalientes.online\/index.php?rest_route=%2Fwp%2Fv2%2Fcategories&post=15244"},{"taxonomy":"post_tag","embeddable":true,"href":"https:\/\/informativoelvalledeaguascalientes.online\/index.php?rest_route=%2Fwp%2Fv2%2Ftags&post=15244"}],"curies":[{"name":"wp","href":"https:\/\/api.w.org\/{rel}","templated":true}]}}