{"id":15241,"date":"2021-01-07T22:52:32","date_gmt":"2021-01-08T04:52:32","guid":{"rendered":"https:\/\/informativoelvalledeaguascalientes.online\/?p=15241"},"modified":"2021-01-07T22:52:32","modified_gmt":"2021-01-08T04:52:32","slug":"reforzaran-acciones-de-saneamiento-del-cauce-del-rio-san-pedro-durante-este-2021","status":"publish","type":"post","link":"https:\/\/informativoelvalledeaguascalientes.online\/?p=15241","title":{"rendered":"REFORZAR\u00c1N ACCIONES DE SANEAMIENTO DEL CAUCE DEL \u201cR\u00cdO SAN PEDRO\u201d DURANTE ESTE 2021"},"content":{"rendered":"<p dir=\"ltr\">\n<p>&nbsp;<\/p>\n<ul>\n<li dir=\"ltr\">\n<p dir=\"ltr\">Acuerdan autoridades Estatales integradas por INAGUA,PROESPA, SSMAA y CPLAP\u00a0 qu\u00e9 acciones de saneamiento se realizar\u00e1n en el cauce del \u201cR\u00edo San Pedro\u201d durante el 2021<\/p>\n<\/li>\n<li dir=\"ltr\">\n<p dir=\"ltr\">Autoridades municipales de la zona metropolitana que tienen injerencia con el R\u00edo San Pedro deber\u00e1n participar de manera activa<\/p>\n<\/li>\n<\/ul>\n<p>&nbsp;<\/p>\n<p dir=\"ltr\">Con el prop\u00f3sito de continuar dando las condiciones sanitarias y seguras para el cauce del \u201cR\u00edo San Pedro\u201d, autoridades estatales como Jes\u00fas Altamira Acosta titular del Instituto del Agua del Estado (INAGUA), as\u00ed como Julio C\u00e9sar M\u00e9dina Delgado de la Secretar\u00eda de Sustentabilidad Medio Ambiente y Agua (SSMAA) y C\u00e9sar Salvador Capuchino Delgado, Coordinaci\u00f3n de Planeaci\u00f3n y Proyectos (CPLAP), adem\u00e1s de Ofelia Castillo D\u00edaz, Procuradora Estatal de Protecci\u00f3n al Ambiente (PROESPA), se reunieron a fin de coordinar y acordar qu\u00e9 acciones se ejecutar\u00e1n de manera inmediata en materia de limpieza y cuidado de dicho espacio.<\/p>\n<p>&nbsp;<\/p>\n<p dir=\"ltr\">En ese sentido, ser\u00e1 desde el Estado que se d\u00e9 puntual seguimiento a los compromisos que adquieran las autoridades municipales para el cumplimiento de las acciones que se acuerden, ya que se siguen presentando descargas no autorizadas de aguas grises as\u00ed como de desechos que provocan afectaciones ambientales a las familias de la zona.<\/p>\n<p>&nbsp;<\/p>\n<p dir=\"ltr\">Como resultado de esta primera reuni\u00f3n de trabajo, se planific\u00f3 la agenda de trabajo del mes de enero, en donde principalmente se definieron temas de limpieza y recorridos frecuentes con maquinaria pesada y personal que recorra la zona del cauce,adem\u00e1s de que se present\u00f3 un proyecto de saneamiento general, poni\u00e9ndose a consideraci\u00f3n las limitantes presupuestales para la ejecuci\u00f3n de las obras necesarias para lograr un impacto favorable mayor.<\/p>\n<p>&nbsp;<\/p>\n<p dir=\"ltr\">Debido a estas limitaciones, se tendr\u00e1 que hacer un gran esfuerzo de suma de voluntades de las autoridades de los tres \u00f3rdenes de gobierno, as\u00ed como una gran colaboraci\u00f3n ciudadana para denunciar cualquier contaminaci\u00f3n que se presente en la zona.<\/p>\n<p>&nbsp;<\/p>\n<p dir=\"ltr\">Para dar seguimiento a los trabajos, el Comit\u00e9 del R\u00edo San Pedro\u00a0 dar\u00e1 seguimiento a todas las acciones que se hacen y se planean por las autoridades de los tres \u00f3rdenes de gobierno.<\/p>\n<p>&nbsp;<\/p>\n<p dir=\"ltr\">Adem\u00e1s, el Comit\u00e9 del R\u00edo San Pedro, seguir\u00e1 reforzando este a\u00f1o todos los rubros que se han venido ejecutando desde su conformaci\u00f3n: el patrullaje, la colocaci\u00f3n de c\u00e1maras de videovigilancia para evitar la descarga de escombros y la limpieza del cauce en un recorrido de\u00a0 m\u00e1s de 17 kil\u00f3metros, donde se ha contado con la participaci\u00f3n de familias de la zona as\u00ed como de funcionarios p\u00fablicos.<\/p>\n","protected":false},"excerpt":{"rendered":"<p>&nbsp; Acuerdan autoridades Estatales integradas por INAGUA,PROESPA, SSMAA y CPLAP\u00a0 qu\u00e9 acciones de saneamiento se realizar\u00e1n en el cauce del \u201cR\u00edo San Pedro\u201d durante el 2021 Autoridades municipales de la zona metropolitana que tienen injerencia con el R\u00edo San Pedro deber\u00e1n participar de manera activa &nbsp; Con el prop\u00f3sito de continuar dando las condiciones sanitarias [&hellip;]<\/p>\n","protected":false},"author":1,"featured_media":15242,"comment_status":"closed","ping_status":"open","sticky":false,"template":"","format":"standard","meta":{"advanced_seo_description":"","jetpack_seo_html_title":"","jetpack_seo_noindex":false,"_jetpack_memberships_contains_paid_content":false,"footnotes":"","jetpack_publicize_message":"","jetpack_publicize_feature_enabled":true,"jetpack_social_post_already_shared":true,"jetpack_social_options":{"image_generator_settings":{"template":"highway","default_image_id":0,"font":"","enabled":false},"version":2}},"categories":[21,4],"tags":[22,184],"class_list":["post-15241","post","type-post","status-publish","format-standard","has-post-thumbnail","hentry","category-aguascalientes","category-gobierno-del-estado-aguascalientes","tag-aguascalientes","tag-inagua"],"jetpack_publicize_connections":[],"jetpack_featured_media_url":"https:\/\/i0.wp.com\/informativoelvalledeaguascalientes.online\/wp-content\/uploads\/2021\/01\/RIO-SAN-PEDRO-1.jpg?fit=1245%2C1071&ssl=1","jetpack-related-posts":[],"jetpack_sharing_enabled":true,"jetpack_likes_enabled":true,"_links":{"self":[{"href":"https:\/\/informativoelvalledeaguascalientes.online\/index.php?rest_route=\/wp\/v2\/posts\/15241","targetHints":{"allow":["GET"]}}],"collection":[{"href":"https:\/\/informativoelvalledeaguascalientes.online\/index.php?rest_route=\/wp\/v2\/posts"}],"about":[{"href":"https:\/\/informativoelvalledeaguascalientes.online\/index.php?rest_route=\/wp\/v2\/types\/post"}],"author":[{"embeddable":true,"href":"https:\/\/informativoelvalledeaguascalientes.online\/index.php?rest_route=\/wp\/v2\/users\/1"}],"replies":[{"embeddable":true,"href":"https:\/\/informativoelvalledeaguascalientes.online\/index.php?rest_route=%2Fwp%2Fv2%2Fcomments&post=15241"}],"version-history":[{"count":1,"href":"https:\/\/informativoelvalledeaguascalientes.online\/index.php?rest_route=\/wp\/v2\/posts\/15241\/revisions"}],"predecessor-version":[{"id":15243,"href":"https:\/\/informativoelvalledeaguascalientes.online\/index.php?rest_route=\/wp\/v2\/posts\/15241\/revisions\/15243"}],"wp:featuredmedia":[{"embeddable":true,"href":"https:\/\/informativoelvalledeaguascalientes.online\/index.php?rest_route=\/wp\/v2\/media\/15242"}],"wp:attachment":[{"href":"https:\/\/informativoelvalledeaguascalientes.online\/index.php?rest_route=%2Fwp%2Fv2%2Fmedia&parent=15241"}],"wp:term":[{"taxonomy":"category","embeddable":true,"href":"https:\/\/informativoelvalledeaguascalientes.online\/index.php?rest_route=%2Fwp%2Fv2%2Fcategories&post=15241"},{"taxonomy":"post_tag","embeddable":true,"href":"https:\/\/informativoelvalledeaguascalientes.online\/index.php?rest_route=%2Fwp%2Fv2%2Ftags&post=15241"}],"curies":[{"name":"wp","href":"https:\/\/api.w.org\/{rel}","templated":true}]}}