{"id":1520,"date":"2020-01-08T19:35:32","date_gmt":"2020-01-09T01:35:32","guid":{"rendered":"http:\/\/informativoelvalledeaguascalientes.online\/?p=1520"},"modified":"2020-01-08T19:38:00","modified_gmt":"2020-01-09T01:38:00","slug":"la-uta-da-a-conocer-parte-de-la-agenda-estrategica-para-el-cuatrimestre-enero-abril-2020","status":"publish","type":"post","link":"https:\/\/informativoelvalledeaguascalientes.online\/?p=1520","title":{"rendered":"LA UTA DA A CONOCER PARTE DE LA AGENDA ESTRAT\u00c9GICA PARA EL CUATRIMESTRE ENERO-ABRIL 2020"},"content":{"rendered":"<p>Inician las actividades acad\u00e9micas y administrativas.<br \/>\nUn congreso de Tecnolog\u00edas de la Informaci\u00f3n y los torneos regional y nacional de deporte y cultura, entre lo m\u00e1s destacado.<\/p>\n<p>La Universidad Tecnol\u00f3gica de Aguascalientes, inici\u00f3 oficialmente con las actividades acad\u00e9micas y administrativas correspondientes al cuatrimestre enero-abril 2020.<\/p>\n<p>El rector de la instituci\u00f3n, Miguel Antonio Ch\u00e1vez Mart\u00ednez, inform\u00f3 que este per\u00edodo es clave en actividades acad\u00e9micas, deportivas, as\u00ed como de promoci\u00f3n, ya que, durante los pr\u00f3ximos cuatro meses, la agenda marca, un curso de preparaci\u00f3n para el EXANI II y los torneos regional y nacional de deporte y cultura. Las fechas espec\u00edficas se dar\u00e1n a conocer en lo que resta del presente mes, ya que a\u00fan se realizan algunos ajustes para brindar una excelente atenci\u00f3n a los interesados.<\/p>\n<p>De igual manera, se\u00f1al\u00f3 que este cuatrimestre representa el inicio de la campa\u00f1a de admisi\u00f3n 2020, la cual se enfocar\u00e1 en captar a los alumnos m\u00e1s sobresalientes, por lo que las \u00e1reas correspondientes ya se encuentran trabajando en el dise\u00f1o de la evaluaci\u00f3n y operatividad de los filtros de admisi\u00f3n.<\/p>\n<p>En cuanto al tema de reinscripci\u00f3n, el rector mencion\u00f3 que el proceso se encontrar\u00e1 abierto hasta el d\u00eda catorce de enero, por lo que invita a los estudiantes a acudir a las ventanillas de control escolar para realizar el respectivo tr\u00e1mite y no dejarlo hasta el final, esto con la finalidad de evitarles largas filas e incomodidades.<\/p>\n<p>Finalmente, Ch\u00e1vez Mart\u00ednez, confirm\u00f3 el compromiso de brindar a los j\u00f3venes que integran esta comunidad, as\u00ed como a los aspirantes, un alto nivel acad\u00e9mico basado en la experiencia de la plantilla docente, as\u00ed como la calidad de la educaci\u00f3n integral para el desarrollo de sus competencias profesionales.<\/p>\n","protected":false},"excerpt":{"rendered":"<p>Inician las actividades acad\u00e9micas y administrativas. Un congreso de Tecnolog\u00edas de la Informaci\u00f3n y los torneos regional y nacional de deporte y cultura, entre lo m\u00e1s destacado. La Universidad Tecnol\u00f3gica de Aguascalientes, inici\u00f3 oficialmente con las actividades acad\u00e9micas y administrativas correspondientes al cuatrimestre enero-abril 2020. El rector de la instituci\u00f3n, Miguel Antonio Ch\u00e1vez Mart\u00ednez, inform\u00f3 [&hellip;]<\/p>\n","protected":false},"author":1,"featured_media":1523,"comment_status":"closed","ping_status":"open","sticky":false,"template":"","format":"standard","meta":{"_monsterinsights_skip_tracking":false,"advanced_seo_description":"","jetpack_seo_html_title":"","jetpack_seo_noindex":false,"jetpack_seo_schema_type":"","_jetpack_newsletter_access":"","_jetpack_dont_email_post_to_subs":false,"_jetpack_newsletter_tier_id":0,"_jetpack_memberships_contains_paywalled_content":false,"_jetpack_feature_clip_id":0,"_jetpack_memberships_contains_paid_content":false,"footnotes":"","jetpack_publicize_message":"","jetpack_publicize_feature_enabled":true,"jetpack_social_post_already_shared":false,"jetpack_social_options":{"image_generator_settings":{"template":"highway","default_image_id":0,"font":"","enabled":false},"version":2},"jetpack_post_was_ever_published":false},"categories":[21,4],"tags":[22,28],"class_list":["post-1520","post","type-post","status-publish","format-standard","has-post-thumbnail","hentry","category-aguascalientes","category-gobierno-del-estado-aguascalientes","tag-aguascalientes","tag-uta"],"jetpack_publicize_connections":[],"jetpack_featured_media_url":"https:\/\/i0.wp.com\/informativoelvalledeaguascalientes.online\/wp-content\/uploads\/2020\/01\/gobierno_UTA_08012020.jpeg?fit=1080%2C765&ssl=1","jetpack-related-posts":[],"jetpack_sharing_enabled":true,"jetpack_likes_enabled":true,"_links":{"self":[{"href":"https:\/\/informativoelvalledeaguascalientes.online\/index.php?rest_route=\/wp\/v2\/posts\/1520","targetHints":{"allow":["GET"]}}],"collection":[{"href":"https:\/\/informativoelvalledeaguascalientes.online\/index.php?rest_route=\/wp\/v2\/posts"}],"about":[{"href":"https:\/\/informativoelvalledeaguascalientes.online\/index.php?rest_route=\/wp\/v2\/types\/post"}],"author":[{"embeddable":true,"href":"https:\/\/informativoelvalledeaguascalientes.online\/index.php?rest_route=\/wp\/v2\/users\/1"}],"replies":[{"embeddable":true,"href":"https:\/\/informativoelvalledeaguascalientes.online\/index.php?rest_route=%2Fwp%2Fv2%2Fcomments&post=1520"}],"version-history":[{"count":1,"href":"https:\/\/informativoelvalledeaguascalientes.online\/index.php?rest_route=\/wp\/v2\/posts\/1520\/revisions"}],"predecessor-version":[{"id":1521,"href":"https:\/\/informativoelvalledeaguascalientes.online\/index.php?rest_route=\/wp\/v2\/posts\/1520\/revisions\/1521"}],"wp:featuredmedia":[{"embeddable":true,"href":"https:\/\/informativoelvalledeaguascalientes.online\/index.php?rest_route=\/wp\/v2\/media\/1523"}],"wp:attachment":[{"href":"https:\/\/informativoelvalledeaguascalientes.online\/index.php?rest_route=%2Fwp%2Fv2%2Fmedia&parent=1520"}],"wp:term":[{"taxonomy":"category","embeddable":true,"href":"https:\/\/informativoelvalledeaguascalientes.online\/index.php?rest_route=%2Fwp%2Fv2%2Fcategories&post=1520"},{"taxonomy":"post_tag","embeddable":true,"href":"https:\/\/informativoelvalledeaguascalientes.online\/index.php?rest_route=%2Fwp%2Fv2%2Ftags&post=1520"}],"curies":[{"name":"wp","href":"https:\/\/api.w.org\/{rel}","templated":true}]}}