{"id":14939,"date":"2020-12-26T22:32:58","date_gmt":"2020-12-27T04:32:58","guid":{"rendered":"https:\/\/informativoelvalledeaguascalientes.online\/?p=14939"},"modified":"2020-12-26T22:32:58","modified_gmt":"2020-12-27T04:32:58","slug":"mas-de-2-mil-400-apoyos-ha-otorgado-en-2020-el-dif-municipal-ags-a-las-familias-que-mas-lo-necesitan","status":"publish","type":"post","link":"https:\/\/informativoelvalledeaguascalientes.online\/?p=14939","title":{"rendered":"M\u00c1S DE 2 MIL 400 APOYOS HA OTORGADO EN 2020 EL DIF MUNICIPAL AGS. A LAS FAMILIAS QUE M\u00c1S LO NECESITAN"},"content":{"rendered":"<div class=\"opinion-section opinion-single-cover opinion-indent opinion-overlay\">\n<div class=\"container\">\n<div class=\"section-head row justify-content-center text-center\">\n<div class=\"col-12 col-md-8\">#informativoelvalledeaguascalientes #novaradioaguascalientes<\/div>\n<\/div>\n<\/div>\n<\/div>\n<div class=\"opinion-section\">\n<div class=\"container\">\n<div class=\"section-content row justify-content-center\">\n<div class=\"col-12 col-lg-8 opinion-order-1\">\n<article class=\"opinion-post opinion-single post-24183 post type-post status-publish format-standard has-post-thumbnail hentry category-dif-municipal tag-dif-municipal tag-dif-te-da-la-mano tag-trabajo-social\">\n<div class=\"entry-content\">\n<ul>\n<li><strong>La se\u00f1ora Mar\u00eda de San Juan y su hijo Lalito son beneficiarios del programa DIF te da la Mano, que acerca a las familias pa\u00f1ales, leche, apoyos alimenticios, aparatos ortop\u00e9dicos y sillas de ruedas<\/strong><\/li>\n<\/ul>\n<p>La atenci\u00f3n y cuidados que proporciona una madre a su hijo es la forma de expresarle su amor incondicional, as\u00ed como lo hace la se\u00f1ora\u00a0<strong>Mar\u00eda de San Juan C\u00f3rdova Sandoval<\/strong>\u00a0con su hijo\u00a0<strong>Eduardo Pl\u00e1cido C\u00f3rdova<\/strong>\u00a0de 43 a\u00f1os, quien padece discapacidad neuromotora permanente por par\u00e1lisis cerebral adem\u00e1s de ser d\u00e9bil visual.<\/p>\n<p>A pesar de que es una persona mayor, hace un esfuerzo extraordinario para que a\u00a0<strong>\u201cLalito\u201d<\/strong>\u00a0no le falte nada, aunque reconoce que no ha sido f\u00e1cil, por su edad y situaci\u00f3n econ\u00f3mica. En este sentido agradeci\u00f3 la ayuda del Departamento de Trabajo Social y Atenci\u00f3n a Personas con Discapacidad del DIF Municipal quienes acudieron a su domicilio para entregarle una silla de ruedas, apoyos alimenticios y pa\u00f1ales para adulto.<\/p>\n<p>La titular del \u00e1rea\u00a0<strong>Ilse Sof\u00eda Nieves Olgu\u00edn<\/strong>, inform\u00f3 que como parte de las acciones del programa \u201cDIF te da la Mano\u201d se han entregado en el transcurso del a\u00f1o 2 mil 481 apoyos a personas en situaci\u00f3n vulnerable como pa\u00f1ales, leche, paquetes alimenticios, aparatos ortop\u00e9dicos y \u00a0246 sillas de ruedas.<\/p>\n<p>La alcaldesa\u00a0<strong>Tere Jim\u00e9nez<\/strong>\u00a0y el presidente del DIF Municipal\u00a0<strong>Ram\u00f3n Jim\u00e9nez Pe\u00f1aloza<\/strong>, mantienen\u00a0 una atenci\u00f3n de calidad y calidez hacia este sector. Las personas que\u00a0 requieran de estos servicios puede comunicarse a los tel\u00e9fonos 449 914 49 30 y 449 912 77 19 al 21 del Departamento de Trabajo Social y Atenci\u00f3n a la Discapacidad.<\/p>\n<\/div>\n<\/article>\n<\/div>\n<\/div>\n<\/div>\n<\/div>\n","protected":false},"excerpt":{"rendered":"<p>#informativoelvalledeaguascalientes #novaradioaguascalientes La se\u00f1ora Mar\u00eda de San Juan y su hijo Lalito son beneficiarios del programa DIF te da la Mano, que acerca a las familias pa\u00f1ales, leche, apoyos alimenticios, aparatos ortop\u00e9dicos y sillas de ruedas La atenci\u00f3n y cuidados que proporciona una madre a su hijo es la forma de expresarle su amor incondicional, [&hellip;]<\/p>\n","protected":false},"author":1,"featured_media":14940,"comment_status":"closed","ping_status":"open","sticky":false,"template":"","format":"standard","meta":{"advanced_seo_description":"","jetpack_seo_html_title":"","jetpack_seo_noindex":false,"_jetpack_memberships_contains_paid_content":false,"footnotes":"","jetpack_publicize_message":"","jetpack_publicize_feature_enabled":true,"jetpack_social_post_already_shared":true,"jetpack_social_options":{"image_generator_settings":{"template":"highway","default_image_id":0,"font":"","enabled":false},"version":2}},"categories":[21,3],"tags":[22,72],"class_list":["post-14939","post","type-post","status-publish","format-standard","has-post-thumbnail","hentry","category-aguascalientes","category-municipio-aguascalientes","tag-aguascalientes","tag-mpio-aguascalientes-dif"],"jetpack_publicize_connections":[],"jetpack_featured_media_url":"https:\/\/i0.wp.com\/informativoelvalledeaguascalientes.online\/wp-content\/uploads\/2020\/12\/mpio_ags_dif_25122020.jpg?fit=2560%2C1703&ssl=1","jetpack-related-posts":[],"jetpack_sharing_enabled":true,"jetpack_likes_enabled":true,"_links":{"self":[{"href":"https:\/\/informativoelvalledeaguascalientes.online\/index.php?rest_route=\/wp\/v2\/posts\/14939","targetHints":{"allow":["GET"]}}],"collection":[{"href":"https:\/\/informativoelvalledeaguascalientes.online\/index.php?rest_route=\/wp\/v2\/posts"}],"about":[{"href":"https:\/\/informativoelvalledeaguascalientes.online\/index.php?rest_route=\/wp\/v2\/types\/post"}],"author":[{"embeddable":true,"href":"https:\/\/informativoelvalledeaguascalientes.online\/index.php?rest_route=\/wp\/v2\/users\/1"}],"replies":[{"embeddable":true,"href":"https:\/\/informativoelvalledeaguascalientes.online\/index.php?rest_route=%2Fwp%2Fv2%2Fcomments&post=14939"}],"version-history":[{"count":1,"href":"https:\/\/informativoelvalledeaguascalientes.online\/index.php?rest_route=\/wp\/v2\/posts\/14939\/revisions"}],"predecessor-version":[{"id":14941,"href":"https:\/\/informativoelvalledeaguascalientes.online\/index.php?rest_route=\/wp\/v2\/posts\/14939\/revisions\/14941"}],"wp:featuredmedia":[{"embeddable":true,"href":"https:\/\/informativoelvalledeaguascalientes.online\/index.php?rest_route=\/wp\/v2\/media\/14940"}],"wp:attachment":[{"href":"https:\/\/informativoelvalledeaguascalientes.online\/index.php?rest_route=%2Fwp%2Fv2%2Fmedia&parent=14939"}],"wp:term":[{"taxonomy":"category","embeddable":true,"href":"https:\/\/informativoelvalledeaguascalientes.online\/index.php?rest_route=%2Fwp%2Fv2%2Fcategories&post=14939"},{"taxonomy":"post_tag","embeddable":true,"href":"https:\/\/informativoelvalledeaguascalientes.online\/index.php?rest_route=%2Fwp%2Fv2%2Ftags&post=14939"}],"curies":[{"name":"wp","href":"https:\/\/api.w.org\/{rel}","templated":true}]}}