{"id":14885,"date":"2020-12-23T18:46:38","date_gmt":"2020-12-24T00:46:38","guid":{"rendered":"https:\/\/informativoelvalledeaguascalientes.online\/?p=14885"},"modified":"2020-12-23T18:46:38","modified_gmt":"2020-12-24T00:46:38","slug":"tere-jimenez-refuerza-labor-de-los-bomberos-municipales-ags-con-nuevo-equipamiento","status":"publish","type":"post","link":"https:\/\/informativoelvalledeaguascalientes.online\/?p=14885","title":{"rendered":"TERE JIM\u00c9NEZ REFUERZA LABOR DE LOS BOMBEROS MUNICIPALES AGS. CON NUEVO EQUIPAMIENTO"},"content":{"rendered":"<div class=\"opinion-section opinion-single-cover opinion-indent opinion-overlay\">\n<div class=\"container\">\n<div class=\"section-head row justify-content-center text-center\">\n<div class=\"col-12 col-md-8\">\n<div class=\"section-meta\">#informativoelvalledeaguascalientes #novaradioaguascalientes<\/div>\n<\/div>\n<\/div>\n<\/div>\n<\/div>\n<div class=\"opinion-section\">\n<div class=\"container\">\n<div class=\"section-content row justify-content-center\">\n<div class=\"col-12 col-lg-8 opinion-order-1\">\n<article class=\"opinion-post opinion-single post-24088 post type-post status-publish format-standard has-post-thumbnail hentry category-proteccion-civil tag-coordinacion-de-proteccion-civil-municipal tag-entrega tag-jesus-eduardo-munoz-de-leon tag-uniformes tag-vehiculos\">\n<div class=\"entry-content\">\n<ul>\n<li><strong>Se entregaron 40 equipos de trabajo de protecci\u00f3n personal y cuatro veh\u00edculos operativos<\/strong><\/li>\n<\/ul>\n<p>En el marco de la entrega de nuevo\u00a0 equipamiento al H. Cuerpo de Bomberos del Municipio de Aguascalientes, la alcaldesa\u00a0<strong>Tere Jim\u00e9nez\u00a0<\/strong>reconoci\u00f3 la labor que realizan diariamente salvando vidas, atendiendo emergencias, previniendo accidentes y haciendo sentir seguras a las familias por contar con una corporaci\u00f3n que es ejemplo de compromiso social.<\/p>\n<p>Acompa\u00f1ada por\u00a0<strong>Jaime Gerardo Beltr\u00e1n Mart\u00ednez<\/strong>, secretario del H. Ayuntamiento y director general de Gobierno y\u00a0<strong>Edson Rub\u00e9n Camarillo Rodr\u00edguez<\/strong>, presidente de la Comisi\u00f3n de Hacienda en el Cabildo, la alcaldesa entreg\u00f3 40 equipos de trabajo de protecci\u00f3n personal que incluyen chaquet\u00f3n, pantal\u00f3n, botas, guantes y escafandra.<\/p>\n<p>Adem\u00e1s, entran en funciones cuatro veh\u00edculos operativos entre los que destaca una camioneta\u00a0 con sistema de bombeo de alta presi\u00f3n y largo alcance, misma que ser\u00e1 utilizada para combatir incendios de pasto seco y forestales, que\u00a0 brindar\u00e1 mayor protecci\u00f3n a los elementos y permitir\u00e1 atender con mayor eficiencia las emergencias.<\/p>\n<p>\u201cEn estos a\u00f1os, me he llevado una gran experiencia con este departamento, muchas cosas que han sucedido este a\u00f1o como la pandemia, o al recordar ese 19 de septiembre en la Ciudad de M\u00e9xico que algunos de ustedes estuvieron all\u00e1; es un \u00e1rea de mucha responsabilidad, con gente que ama lo que hace, ustedes son ejemplo en toda la administraci\u00f3n\u201d, agreg\u00f3 la alcaldesa.<\/p>\n<p><strong>Jaime Gerardo Beltr\u00e1n Mart\u00ednez<\/strong>, secretario del H. Ayuntamiento y director general de Gobierno, destac\u00f3 la labor realizada por la Coordinaci\u00f3n Municipal de Protecci\u00f3n Civil durante la pandemia. Estableci\u00f3 que la entrega de este equipo es una forma de agradecer el esfuerzo y dedicaci\u00f3n que realizan d\u00eda con d\u00eda, al tiempo de exhortarlos a seguir sirviendo a la ciudadan\u00eda.<\/p>\n<p><strong>Jes\u00fas Eduardo Mu\u00f1oz de Le\u00f3n<\/strong>, coordinador municipal de Protecci\u00f3n Civil, dijo que el compromiso de la alcaldesa hacia la labor de la corporaci\u00f3n los motiva a seguir trabajando a favor de la ciudadan\u00eda sin importar las circunstancias que se presenten.<\/p>\n<\/div>\n<\/article>\n<\/div>\n<\/div>\n<\/div>\n<\/div>\n","protected":false},"excerpt":{"rendered":"<p>#informativoelvalledeaguascalientes #novaradioaguascalientes Se entregaron 40 equipos de trabajo de protecci\u00f3n personal y cuatro veh\u00edculos operativos En el marco de la entrega de nuevo\u00a0 equipamiento al H. Cuerpo de Bomberos del Municipio de Aguascalientes, la alcaldesa\u00a0Tere Jim\u00e9nez\u00a0reconoci\u00f3 la labor que realizan diariamente salvando vidas, atendiendo emergencias, previniendo accidentes y haciendo sentir seguras a las familias por [&hellip;]<\/p>\n","protected":false},"author":1,"featured_media":14886,"comment_status":"closed","ping_status":"open","sticky":false,"template":"","format":"standard","meta":{"advanced_seo_description":"","jetpack_seo_html_title":"","jetpack_seo_noindex":false,"_jetpack_memberships_contains_paid_content":false,"footnotes":"","jetpack_publicize_message":"","jetpack_publicize_feature_enabled":true,"jetpack_social_post_already_shared":true,"jetpack_social_options":{"image_generator_settings":{"template":"highway","default_image_id":0,"font":"","enabled":false},"version":2}},"categories":[21,3],"tags":[22,336],"class_list":["post-14885","post","type-post","status-publish","format-standard","has-post-thumbnail","hentry","category-aguascalientes","category-municipio-aguascalientes","tag-aguascalientes","tag-mpio-aguascalientes-coordinacion-municipal-de-proteccion-civil"],"jetpack_publicize_connections":[],"jetpack_featured_media_url":"https:\/\/i0.wp.com\/informativoelvalledeaguascalientes.online\/wp-content\/uploads\/2020\/12\/mpio_ags_bomberos_21122020.jpg?fit=1920%2C1280&ssl=1","jetpack-related-posts":[],"jetpack_sharing_enabled":true,"jetpack_likes_enabled":true,"_links":{"self":[{"href":"https:\/\/informativoelvalledeaguascalientes.online\/index.php?rest_route=\/wp\/v2\/posts\/14885","targetHints":{"allow":["GET"]}}],"collection":[{"href":"https:\/\/informativoelvalledeaguascalientes.online\/index.php?rest_route=\/wp\/v2\/posts"}],"about":[{"href":"https:\/\/informativoelvalledeaguascalientes.online\/index.php?rest_route=\/wp\/v2\/types\/post"}],"author":[{"embeddable":true,"href":"https:\/\/informativoelvalledeaguascalientes.online\/index.php?rest_route=\/wp\/v2\/users\/1"}],"replies":[{"embeddable":true,"href":"https:\/\/informativoelvalledeaguascalientes.online\/index.php?rest_route=%2Fwp%2Fv2%2Fcomments&post=14885"}],"version-history":[{"count":1,"href":"https:\/\/informativoelvalledeaguascalientes.online\/index.php?rest_route=\/wp\/v2\/posts\/14885\/revisions"}],"predecessor-version":[{"id":14887,"href":"https:\/\/informativoelvalledeaguascalientes.online\/index.php?rest_route=\/wp\/v2\/posts\/14885\/revisions\/14887"}],"wp:featuredmedia":[{"embeddable":true,"href":"https:\/\/informativoelvalledeaguascalientes.online\/index.php?rest_route=\/wp\/v2\/media\/14886"}],"wp:attachment":[{"href":"https:\/\/informativoelvalledeaguascalientes.online\/index.php?rest_route=%2Fwp%2Fv2%2Fmedia&parent=14885"}],"wp:term":[{"taxonomy":"category","embeddable":true,"href":"https:\/\/informativoelvalledeaguascalientes.online\/index.php?rest_route=%2Fwp%2Fv2%2Fcategories&post=14885"},{"taxonomy":"post_tag","embeddable":true,"href":"https:\/\/informativoelvalledeaguascalientes.online\/index.php?rest_route=%2Fwp%2Fv2%2Ftags&post=14885"}],"curies":[{"name":"wp","href":"https:\/\/api.w.org\/{rel}","templated":true}]}}