{"id":14879,"date":"2020-12-23T18:37:29","date_gmt":"2020-12-24T00:37:29","guid":{"rendered":"https:\/\/informativoelvalledeaguascalientes.online\/?p=14879"},"modified":"2020-12-23T18:37:29","modified_gmt":"2020-12-24T00:37:29","slug":"dif-municipal-ags-realizo-festival-navideno-2020-llevando-alegria-y-diversion-a-las-familias","status":"publish","type":"post","link":"https:\/\/informativoelvalledeaguascalientes.online\/?p=14879","title":{"rendered":"DIF MUNICIPAL AGS. REALIZ\u00d3 \u201cFESTIVAL NAVIDE\u00d1O 2020\u201d LLEVANDO ALEGR\u00cdA Y DIVERSI\u00d3N A LAS FAMILIAS"},"content":{"rendered":"<div class=\"opinion-section opinion-single-cover opinion-indent opinion-overlay\">\n<div class=\"container\">\n<div class=\"section-head row justify-content-center text-center\">\n<div class=\"col-12 col-md-8\">\n<div class=\"section-meta\">#informativoelvalledeaguascalientes #novaradioaguascalientes<\/div>\n<\/div>\n<\/div>\n<\/div>\n<\/div>\n<div class=\"opinion-section\">\n<div class=\"container\">\n<div class=\"section-content row justify-content-center\">\n<div class=\"col-12 col-lg-8 opinion-order-1\">\n<article class=\"opinion-post opinion-single post-24034 post type-post status-publish format-standard has-post-thumbnail hentry category-dif-municipal tag-dif-municipal tag-festival-navideno-2020 tag-navidad tag-ramon-jimenez-penaloza tag-regalos tag-virtual\">\n<div class=\"entry-content\">\n<ul>\n<li><strong>De forma virtual las familias disfrutaron de este tradicional evento en el que adem\u00e1s se rifaron varios obsequios<\/strong><\/li>\n<\/ul>\n<p><strong>Ram\u00f3n Jim\u00e9nez Pe\u00f1aloza<\/strong>, presidente del DIF Municipal, presidi\u00f3 el \u201cFestival Navide\u00f1o 2020\u201d, que se transmiti\u00f3 por las redes sociales oficiales del Municipio de Aguascalientes, con n\u00fameros musicales y diversas sorpresas para desear a las familias feliz navidad.<\/p>\n<p>En su mensaje, hizo un llamado a la ciudadan\u00eda a disfrutar de los festejos navide\u00f1os con responsabilidad, sin organizar reuniones y cuidando todos los protocolos sanitarios y la sana distancia para evitar el incremento de contagios de COVID-19.<\/p>\n<p>Destac\u00f3 que estas fechas son propicias para la reflexi\u00f3n y para ser solidarios con nuestros semejantes, pues poder ayudar a quien m\u00e1s lo necesita tiene como recompensa una gran satisfacci\u00f3n personal, adem\u00e1s de promover la hermandad entre las personas.<\/p>\n<p>En el marco de este evento, adem\u00e1s de las presentaciones musicales, se realiz\u00f3 un sorteo\u00a0 de regalos como juguetes, bicicletas, televisiones y electrodom\u00e9sticos, entre las personas que se registraron previamente y siguieron la transmisi\u00f3n en vivo del evento.<\/p>\n<\/div>\n<\/article>\n<\/div>\n<\/div>\n<\/div>\n<\/div>\n","protected":false},"excerpt":{"rendered":"<p>#informativoelvalledeaguascalientes #novaradioaguascalientes De forma virtual las familias disfrutaron de este tradicional evento en el que adem\u00e1s se rifaron varios obsequios Ram\u00f3n Jim\u00e9nez Pe\u00f1aloza, presidente del DIF Municipal, presidi\u00f3 el \u201cFestival Navide\u00f1o 2020\u201d, que se transmiti\u00f3 por las redes sociales oficiales del Municipio de Aguascalientes, con n\u00fameros musicales y diversas sorpresas para desear a las familias [&hellip;]<\/p>\n","protected":false},"author":1,"featured_media":14880,"comment_status":"closed","ping_status":"open","sticky":false,"template":"","format":"standard","meta":{"advanced_seo_description":"","jetpack_seo_html_title":"","jetpack_seo_noindex":false,"_jetpack_memberships_contains_paid_content":false,"footnotes":"","jetpack_publicize_message":"","jetpack_publicize_feature_enabled":true,"jetpack_social_post_already_shared":true,"jetpack_social_options":{"image_generator_settings":{"template":"highway","default_image_id":0,"font":"","enabled":false},"version":2}},"categories":[21,3],"tags":[22,72],"class_list":["post-14879","post","type-post","status-publish","format-standard","has-post-thumbnail","hentry","category-aguascalientes","category-municipio-aguascalientes","tag-aguascalientes","tag-mpio-aguascalientes-dif"],"jetpack_publicize_connections":[],"jetpack_featured_media_url":"https:\/\/i0.wp.com\/informativoelvalledeaguascalientes.online\/wp-content\/uploads\/2020\/12\/mpio_ags_dif_21122020.jpg?fit=2400%2C1600&ssl=1","jetpack-related-posts":[],"jetpack_sharing_enabled":true,"jetpack_likes_enabled":true,"_links":{"self":[{"href":"https:\/\/informativoelvalledeaguascalientes.online\/index.php?rest_route=\/wp\/v2\/posts\/14879","targetHints":{"allow":["GET"]}}],"collection":[{"href":"https:\/\/informativoelvalledeaguascalientes.online\/index.php?rest_route=\/wp\/v2\/posts"}],"about":[{"href":"https:\/\/informativoelvalledeaguascalientes.online\/index.php?rest_route=\/wp\/v2\/types\/post"}],"author":[{"embeddable":true,"href":"https:\/\/informativoelvalledeaguascalientes.online\/index.php?rest_route=\/wp\/v2\/users\/1"}],"replies":[{"embeddable":true,"href":"https:\/\/informativoelvalledeaguascalientes.online\/index.php?rest_route=%2Fwp%2Fv2%2Fcomments&post=14879"}],"version-history":[{"count":1,"href":"https:\/\/informativoelvalledeaguascalientes.online\/index.php?rest_route=\/wp\/v2\/posts\/14879\/revisions"}],"predecessor-version":[{"id":14881,"href":"https:\/\/informativoelvalledeaguascalientes.online\/index.php?rest_route=\/wp\/v2\/posts\/14879\/revisions\/14881"}],"wp:featuredmedia":[{"embeddable":true,"href":"https:\/\/informativoelvalledeaguascalientes.online\/index.php?rest_route=\/wp\/v2\/media\/14880"}],"wp:attachment":[{"href":"https:\/\/informativoelvalledeaguascalientes.online\/index.php?rest_route=%2Fwp%2Fv2%2Fmedia&parent=14879"}],"wp:term":[{"taxonomy":"category","embeddable":true,"href":"https:\/\/informativoelvalledeaguascalientes.online\/index.php?rest_route=%2Fwp%2Fv2%2Fcategories&post=14879"},{"taxonomy":"post_tag","embeddable":true,"href":"https:\/\/informativoelvalledeaguascalientes.online\/index.php?rest_route=%2Fwp%2Fv2%2Ftags&post=14879"}],"curies":[{"name":"wp","href":"https:\/\/api.w.org\/{rel}","templated":true}]}}