{"id":14833,"date":"2020-12-21T21:53:38","date_gmt":"2020-12-22T03:53:38","guid":{"rendered":"https:\/\/informativoelvalledeaguascalientes.online\/?p=14833"},"modified":"2020-12-21T21:53:38","modified_gmt":"2020-12-22T03:53:38","slug":"cmov-y-seguridad-publica-estatal-establecen-acuerdo-para-mejorar-el-transporte-publico","status":"publish","type":"post","link":"https:\/\/informativoelvalledeaguascalientes.online\/?p=14833","title":{"rendered":"CMOV Y SEGURIDAD P\u00daBLICA ESTATAL ESTABLECEN ACUERDO PARA MEJORAR EL TRANSPORTE P\u00daBLICO\u00a0"},"content":{"rendered":"<p>#informativoelvalledeaguascalientes\u00a0 #novaradioaguascalientes<\/p>\n<ul>\n<li dir=\"ltr\">\n<p dir=\"ltr\">Integrantes de la Patrulla de Transporte y Movilidad se conducir\u00e1n con honestidad, \u00e9tica, legalidad y transparencia en la supervisi\u00f3n del transporte p\u00fablico regulado por el estado: Serrano Rangel<\/p>\n<\/li>\n<li dir=\"ltr\">\n<p dir=\"ltr\">Corporaciones policiacas acompa\u00f1ar\u00e1n y apoyar\u00e1n en operativos, prevenci\u00f3n de hechos viales, programas de movilidad, entre otros<\/p>\n<\/li>\n<\/ul>\n<p>&nbsp;<\/p>\n<p dir=\"ltr\">En el marco de la toma de protesta a personal operativo de las patrullas de Transporte y Movilidad, la Coordinaci\u00f3n General de Movilidad (CMOV) y la Secretar\u00eda de Seguridad P\u00fablica del Estado (SSPE) firmaron un convenio de colaboraci\u00f3n a fin de intensificar las supervisiones, inspecciones y verificaciones del transporte p\u00fablico en sus diversas modalidades para que este servicio sea eficiente, adecuado y apegado a la Ley de Movilidad.<\/p>\n<p>&nbsp;<\/p>\n<p dir=\"ltr\">Este acuerdo interinstitucional tambi\u00e9n busca que ambas dependencias colaboren en asuntos que involucren al transporte p\u00fablico, seguridad vial y p\u00fablica, cooperaci\u00f3n en programas relacionados a la prevenci\u00f3n de hechos viales, la promoci\u00f3n de la cultura de la movilidad, as\u00ed como apoyar en actividades del registro estatal de transporte.<\/p>\n<p>&nbsp;<\/p>\n<p dir=\"ltr\">En su mensaje, Ricardo Serrano Rangel, coordinador de Movilidad, expres\u00f3 que a trav\u00e9s de este convenio y con la puesta en marcha de las patrullas de transporte y movilidad, el personal operativo de la CMOV y los integrantes de la corporaci\u00f3n policiaca vigilar\u00e1n que operadores y concesionarios cumplan con ofrecer un servicio digno y apegado a las marcos normativos, pero tambi\u00e9n, para que peatones y ciclistas respeten la propia Ley de Movilidad.<\/p>\n<p>&nbsp;<\/p>\n<p dir=\"ltr\">Agreg\u00f3 que en lo que resta de la presente administraci\u00f3n del gobernador Mart\u00edn Orozco Sandoval, personal operativo de estas patrullas tiene la responsabilidad c\u00edvica de actuar con honestidad, \u00e9tica, legalidad, transparencia y de manera preventiva para supervisar el estatus documental y f\u00edsico-mec\u00e1nico de veh\u00edculos de transporte p\u00fablico que ayudar\u00e1 a identificar a aquellas unidades que est\u00e9n fuera de norma, lo que permitir\u00e1 ofrecer un servicio digno para la ciudadan\u00eda y a la dependencia rectora, una mayor gobernabilidad.<\/p>\n<p>&nbsp;<\/p>\n<p dir=\"ltr\">Por su parte, Porfirio Javier S\u00e1nchez Mendoza, secretario de Seguridad P\u00fablica del Estado, al tomar protesta a los integrantes de las patrullas de Transporte y Movilidad, extern\u00f3 el respaldo y compromiso de esta dependencia; asegur\u00f3 que las corporaciones policiacas acompa\u00f1ar\u00e1n los operativos de la CMOV y en diversas tareas relacionadas con la seguridad vial, promoci\u00f3n de la cultura de la movilidad, entre otras.<\/p>\n<p>&nbsp;<\/p>\n<p dir=\"ltr\">Finalmente, Natanael Cornejo Espinosa, a nombre del personal operativo de estas patrullas, mencion\u00f3 que tras esta designaci\u00f3n, su labor de vigilancia, verificaci\u00f3n y supervisi\u00f3n al transporte p\u00fablico ser\u00e1 con estricto apego al C\u00f3digo de Conducta y \u00c9tica y las disposiciones de la administraci\u00f3n p\u00fablica del estado, garantizando as\u00ed un servicio de calidad, accesible, eficiente, seguro y suficiente para todos los aguascalentenses.<\/p>\n","protected":false},"excerpt":{"rendered":"<p>#informativoelvalledeaguascalientes\u00a0 #novaradioaguascalientes Integrantes de la Patrulla de Transporte y Movilidad se conducir\u00e1n con honestidad, \u00e9tica, legalidad y transparencia en la supervisi\u00f3n del transporte p\u00fablico regulado por el estado: Serrano Rangel Corporaciones policiacas acompa\u00f1ar\u00e1n y apoyar\u00e1n en operativos, prevenci\u00f3n de hechos viales, programas de movilidad, entre otros &nbsp; En el marco de la toma de protesta [&hellip;]<\/p>\n","protected":false},"author":1,"featured_media":14834,"comment_status":"closed","ping_status":"open","sticky":false,"template":"","format":"standard","meta":{"advanced_seo_description":"","jetpack_seo_html_title":"","jetpack_seo_noindex":false,"_jetpack_memberships_contains_paid_content":false,"footnotes":"","jetpack_publicize_message":"","jetpack_publicize_feature_enabled":true,"jetpack_social_post_already_shared":true,"jetpack_social_options":{"image_generator_settings":{"template":"highway","default_image_id":0,"font":"","enabled":false},"version":2}},"categories":[21,4],"tags":[22,53],"class_list":["post-14833","post","type-post","status-publish","format-standard","has-post-thumbnail","hentry","category-aguascalientes","category-gobierno-del-estado-aguascalientes","tag-aguascalientes","tag-cmov"],"jetpack_publicize_connections":[],"jetpack_featured_media_url":"https:\/\/i0.wp.com\/informativoelvalledeaguascalientes.online\/wp-content\/uploads\/2020\/12\/cmov_21122020.jpg?fit=1024%2C568&ssl=1","jetpack-related-posts":[],"jetpack_sharing_enabled":true,"jetpack_likes_enabled":true,"_links":{"self":[{"href":"https:\/\/informativoelvalledeaguascalientes.online\/index.php?rest_route=\/wp\/v2\/posts\/14833","targetHints":{"allow":["GET"]}}],"collection":[{"href":"https:\/\/informativoelvalledeaguascalientes.online\/index.php?rest_route=\/wp\/v2\/posts"}],"about":[{"href":"https:\/\/informativoelvalledeaguascalientes.online\/index.php?rest_route=\/wp\/v2\/types\/post"}],"author":[{"embeddable":true,"href":"https:\/\/informativoelvalledeaguascalientes.online\/index.php?rest_route=\/wp\/v2\/users\/1"}],"replies":[{"embeddable":true,"href":"https:\/\/informativoelvalledeaguascalientes.online\/index.php?rest_route=%2Fwp%2Fv2%2Fcomments&post=14833"}],"version-history":[{"count":1,"href":"https:\/\/informativoelvalledeaguascalientes.online\/index.php?rest_route=\/wp\/v2\/posts\/14833\/revisions"}],"predecessor-version":[{"id":14835,"href":"https:\/\/informativoelvalledeaguascalientes.online\/index.php?rest_route=\/wp\/v2\/posts\/14833\/revisions\/14835"}],"wp:featuredmedia":[{"embeddable":true,"href":"https:\/\/informativoelvalledeaguascalientes.online\/index.php?rest_route=\/wp\/v2\/media\/14834"}],"wp:attachment":[{"href":"https:\/\/informativoelvalledeaguascalientes.online\/index.php?rest_route=%2Fwp%2Fv2%2Fmedia&parent=14833"}],"wp:term":[{"taxonomy":"category","embeddable":true,"href":"https:\/\/informativoelvalledeaguascalientes.online\/index.php?rest_route=%2Fwp%2Fv2%2Fcategories&post=14833"},{"taxonomy":"post_tag","embeddable":true,"href":"https:\/\/informativoelvalledeaguascalientes.online\/index.php?rest_route=%2Fwp%2Fv2%2Ftags&post=14833"}],"curies":[{"name":"wp","href":"https:\/\/api.w.org\/{rel}","templated":true}]}}