{"id":14797,"date":"2020-12-19T22:36:39","date_gmt":"2020-12-20T04:36:39","guid":{"rendered":"https:\/\/informativoelvalledeaguascalientes.online\/?p=14797"},"modified":"2020-12-19T22:36:39","modified_gmt":"2020-12-20T04:36:39","slug":"reitera-gobernador-compromiso-con-el-campo-durante-visita-a-empresa-exportadora-de-jitomate","status":"publish","type":"post","link":"https:\/\/informativoelvalledeaguascalientes.online\/?p=14797","title":{"rendered":"REITERA GOBERNADOR COMPROMISO CON EL CAMPO DURANTE VISITA A EMPRESA EXPORTADORA DE JITOMATE\u00a0"},"content":{"rendered":"<p dir=\"ltr\">@informativoelvalledeaguascalientes @novaradioaguascalientes<\/p>\n<ul>\n<li dir=\"ltr\">\n<p dir=\"ltr\">Se consolida en Aguascalientes la reconversi\u00f3n productiva y valor agregado<\/p>\n<\/li>\n<li dir=\"ltr\">\n<p dir=\"ltr\">Agroindustria de la entidad est\u00e1 dando frutos con su incursi\u00f3n al sector exportador<\/p>\n<\/li>\n<\/ul>\n<p dir=\"ltr\">En Aguascalientes el apoyo al campo y sus productores locales ser\u00e1 permanente en lo que resta del sexenio, afirm\u00f3 el gobernador Mart\u00edn Orozco Sandoval durante su \u00faltima gira de trabajo en el municipio de Pabell\u00f3n de Arteaga.<\/p>\n<p dir=\"ltr\">El mandatario destac\u00f3 el impulso que la administraci\u00f3n estatal est\u00e1 ejerciendo en el campo, pues lo que se ha destinado a trav\u00e9s de programas de apoyo a este sector, repercute de manera significativa en la fortaleza econ\u00f3mica para Aguascalientes, durante la actual pandemia\u00a0 por COVID-19.<\/p>\n<p dir=\"ltr\">Orozco Sandoval reiter\u00f3 su compromiso para con el campo y las familias de los productores a trav\u00e9s del apoyo a la reconversi\u00f3n productiva que ya est\u00e1 dando frutos con las primeras exportaciones de nuevos cultivos y mayores ganancias para los productores, lo cual ha sido un objetivo del proyecto estatal de tecnificaci\u00f3n de riego, valor agregado y reconversi\u00f3n productiva.<\/p>\n<p dir=\"ltr\">Como parte de este programa de valor agregado y tecnificaci\u00f3n, el gobernador visit\u00f3 el invernadero de la nueva empresa Agroproductos El Encino, ubicada en Pabell\u00f3n de Arteaga, para conocer el proceso de producci\u00f3n de jitomate en racimo, misma que es destinada completamente a la exportaci\u00f3n a Estados Unidos y Canad\u00e1.<\/p>\n<p dir=\"ltr\">La empresa, que inici\u00f3 operaciones el pasado mes de junio de 2020, cuenta con una capacidad instalada de dos hect\u00e1reas de invernadero de alta tecnolog\u00eda para producir jitomate de la variedad TOB; actualmente, produce 100 toneladas por mes, un aproximado de 25 kilogramos por metro cuadrado; la generaci\u00f3n de empleo alcanza los 100 trabajadores, incluidos cuatro ingenieros especialistas en este producto.<\/p>\n<p dir=\"ltr\">Durante el recorrido, Mart\u00edn Orozco Sandoval estuvo acompa\u00f1ado por el alcalde de Pabell\u00f3n de Arteaga, Cuauht\u00e9moc Escobedo Tejada; el titular de SEDRAE, Miguel Mu\u00f1oz de la Torre; el diputado Jos\u00e9 Manuel Gonz\u00e1lez Mota, presidente de la Comisi\u00f3n Agropecuaria, adem\u00e1s de varios productores agr\u00edcolas.<\/p>\n","protected":false},"excerpt":{"rendered":"<p>@informativoelvalledeaguascalientes @novaradioaguascalientes Se consolida en Aguascalientes la reconversi\u00f3n productiva y valor agregado Agroindustria de la entidad est\u00e1 dando frutos con su incursi\u00f3n al sector exportador En Aguascalientes el apoyo al campo y sus productores locales ser\u00e1 permanente en lo que resta del sexenio, afirm\u00f3 el gobernador Mart\u00edn Orozco Sandoval durante su \u00faltima gira de trabajo [&hellip;]<\/p>\n","protected":false},"author":1,"featured_media":14798,"comment_status":"closed","ping_status":"open","sticky":false,"template":"","format":"standard","meta":{"advanced_seo_description":"","jetpack_seo_html_title":"","jetpack_seo_noindex":false,"_jetpack_memberships_contains_paid_content":false,"footnotes":"","jetpack_publicize_message":"","jetpack_publicize_feature_enabled":true,"jetpack_social_post_already_shared":true,"jetpack_social_options":{"image_generator_settings":{"template":"highway","default_image_id":0,"font":"","enabled":false},"version":2}},"categories":[21,4],"tags":[22,31,106],"class_list":["post-14797","post","type-post","status-publish","format-standard","has-post-thumbnail","hentry","category-aguascalientes","category-gobierno-del-estado-aguascalientes","tag-aguascalientes","tag-mos","tag-sedrae"],"jetpack_publicize_connections":[],"jetpack_featured_media_url":"https:\/\/i0.wp.com\/informativoelvalledeaguascalientes.online\/wp-content\/uploads\/2020\/12\/mos_sedrae_18122020-1.jpg?fit=1280%2C1164&ssl=1","jetpack-related-posts":[],"jetpack_sharing_enabled":true,"jetpack_likes_enabled":true,"_links":{"self":[{"href":"https:\/\/informativoelvalledeaguascalientes.online\/index.php?rest_route=\/wp\/v2\/posts\/14797","targetHints":{"allow":["GET"]}}],"collection":[{"href":"https:\/\/informativoelvalledeaguascalientes.online\/index.php?rest_route=\/wp\/v2\/posts"}],"about":[{"href":"https:\/\/informativoelvalledeaguascalientes.online\/index.php?rest_route=\/wp\/v2\/types\/post"}],"author":[{"embeddable":true,"href":"https:\/\/informativoelvalledeaguascalientes.online\/index.php?rest_route=\/wp\/v2\/users\/1"}],"replies":[{"embeddable":true,"href":"https:\/\/informativoelvalledeaguascalientes.online\/index.php?rest_route=%2Fwp%2Fv2%2Fcomments&post=14797"}],"version-history":[{"count":1,"href":"https:\/\/informativoelvalledeaguascalientes.online\/index.php?rest_route=\/wp\/v2\/posts\/14797\/revisions"}],"predecessor-version":[{"id":14799,"href":"https:\/\/informativoelvalledeaguascalientes.online\/index.php?rest_route=\/wp\/v2\/posts\/14797\/revisions\/14799"}],"wp:featuredmedia":[{"embeddable":true,"href":"https:\/\/informativoelvalledeaguascalientes.online\/index.php?rest_route=\/wp\/v2\/media\/14798"}],"wp:attachment":[{"href":"https:\/\/informativoelvalledeaguascalientes.online\/index.php?rest_route=%2Fwp%2Fv2%2Fmedia&parent=14797"}],"wp:term":[{"taxonomy":"category","embeddable":true,"href":"https:\/\/informativoelvalledeaguascalientes.online\/index.php?rest_route=%2Fwp%2Fv2%2Fcategories&post=14797"},{"taxonomy":"post_tag","embeddable":true,"href":"https:\/\/informativoelvalledeaguascalientes.online\/index.php?rest_route=%2Fwp%2Fv2%2Ftags&post=14797"}],"curies":[{"name":"wp","href":"https:\/\/api.w.org\/{rel}","templated":true}]}}