{"id":14727,"date":"2020-12-17T01:08:53","date_gmt":"2020-12-17T07:08:53","guid":{"rendered":"https:\/\/informativoelvalledeaguascalientes.online\/?p=14727"},"modified":"2020-12-17T01:08:53","modified_gmt":"2020-12-17T07:08:53","slug":"inaugura-municipio-ags-pista-de-reaccion-en-la-secretaria-de-seguridad-publica-municipal","status":"publish","type":"post","link":"https:\/\/informativoelvalledeaguascalientes.online\/?p=14727","title":{"rendered":"INAUGURA MUNICIPIO AGS. PISTA DE REACCI\u00d3N EN LA SECRETAR\u00cdA DE SEGURIDAD P\u00daBLICA MUNICIPAL"},"content":{"rendered":"<div class=\"opinion-section opinion-single-cover opinion-indent opinion-overlay\">\n<div class=\"container\">\n<div class=\"section-head row justify-content-center text-center\"><\/div>\n<\/div>\n<\/div>\n<div class=\"opinion-section\">\n<div class=\"container\">\n<div class=\"section-content row justify-content-center\">\n<div class=\"col-12 col-lg-8 opinion-order-1\">\n<article class=\"opinion-post opinion-single post-23857 post type-post status-publish format-standard has-post-thumbnail hentry category-seguridad-publica tag-antonio-martinez-romo tag-instituto-superior-en-seguridad-publica tag-pista-de-reaccion tag-secretaria-de-seguridad-publica-del-municipio-de-aguascalientes tag-tere-jimenez\">\n<div class=\"entry-content\">\n<p>#informativoelvalledeaguascalientes\u00a0 #novaradioaguascalientes<\/p>\n<ul>\n<li><strong>Esta infraestructura fortalecer\u00e1 la capacitaci\u00f3n y habilidades de cadetes y elementos en activo<\/strong><\/li>\n<\/ul>\n<p>Este mi\u00e9rcoles el secretario del H. Ayuntamiento y director general de Gobierno,\u00a0<strong>Jaime Beltr\u00e1n Mart\u00ednez<\/strong>, inaugur\u00f3 la Pista de Reacci\u00f3n del Instituto Superior en Seguridad P\u00fablica, reafirmando que la alcaldesa\u00a0<strong>Tere Jim\u00e9nez\u00a0<\/strong>seguir\u00e1 fortaleciendo la capacitaci\u00f3n y adiestramiento de cadetes y elementos en activo, para cuidar a las familias.<\/p>\n<p>Esta Pista de Reacci\u00f3n se ubica en la el Complejo de Seguridad P\u00fablica Municipal y cuenta con siete estructuras para pr\u00e1cticas de escala, descenso y superaci\u00f3n de obst\u00e1culos, equipada con pasamanos, barra de equilibrio, pir\u00e1mide y pista de llantas, entre otros aditamentos.<\/p>\n<p>El secretario de Seguridad P\u00fablica Municipal,\u00a0<strong>Antonio Mart\u00ednez Romo<\/strong>, manifest\u00f3 que los operativos preventivos y de reacci\u00f3n se ver\u00e1n fortalecidos al contar con elementos que desarrollen destrezas para efectuar persecuciones y atender situaciones de riesgo.<\/p>\n<p>La infraestructura se construy\u00f3 con apoyo de las Secretar\u00eda de Servicios P\u00fabicos y Obras P\u00fablicas, as\u00ed como de una empresa socialmente responsable, explic\u00f3 la directora del Instituto Superior en Seguridad P\u00fablica,\u00a0<strong>Pamela Soria Armengol<\/strong>, durante la exhibici\u00f3n de habilidades y aptitudes f\u00edsicas a cargo de algunos cadetes.<\/p>\n<\/div>\n<\/article>\n<\/div>\n<\/div>\n<\/div>\n<\/div>\n","protected":false},"excerpt":{"rendered":"<p>#informativoelvalledeaguascalientes\u00a0 #novaradioaguascalientes Esta infraestructura fortalecer\u00e1 la capacitaci\u00f3n y habilidades de cadetes y elementos en activo Este mi\u00e9rcoles el secretario del H. Ayuntamiento y director general de Gobierno,\u00a0Jaime Beltr\u00e1n Mart\u00ednez, inaugur\u00f3 la Pista de Reacci\u00f3n del Instituto Superior en Seguridad P\u00fablica, reafirmando que la alcaldesa\u00a0Tere Jim\u00e9nez\u00a0seguir\u00e1 fortaleciendo la capacitaci\u00f3n y adiestramiento de cadetes y elementos en [&hellip;]<\/p>\n","protected":false},"author":1,"featured_media":14728,"comment_status":"closed","ping_status":"open","sticky":false,"template":"","format":"standard","meta":{"advanced_seo_description":"","jetpack_seo_html_title":"","jetpack_seo_noindex":false,"_jetpack_memberships_contains_paid_content":false,"footnotes":"","jetpack_publicize_message":"","jetpack_publicize_feature_enabled":true,"jetpack_social_post_already_shared":true,"jetpack_social_options":{"image_generator_settings":{"template":"highway","default_image_id":0,"font":"","enabled":false},"version":2}},"categories":[21,3],"tags":[22,116],"class_list":["post-14727","post","type-post","status-publish","format-standard","has-post-thumbnail","hentry","category-aguascalientes","category-municipio-aguascalientes","tag-aguascalientes","tag-mpio-aguascalientes-sspm"],"jetpack_publicize_connections":[],"jetpack_featured_media_url":"https:\/\/i0.wp.com\/informativoelvalledeaguascalientes.online\/wp-content\/uploads\/2020\/12\/mpio_ags_cadetes_16122020.jpg?fit=2400%2C1600&ssl=1","jetpack-related-posts":[],"jetpack_sharing_enabled":true,"jetpack_likes_enabled":true,"_links":{"self":[{"href":"https:\/\/informativoelvalledeaguascalientes.online\/index.php?rest_route=\/wp\/v2\/posts\/14727","targetHints":{"allow":["GET"]}}],"collection":[{"href":"https:\/\/informativoelvalledeaguascalientes.online\/index.php?rest_route=\/wp\/v2\/posts"}],"about":[{"href":"https:\/\/informativoelvalledeaguascalientes.online\/index.php?rest_route=\/wp\/v2\/types\/post"}],"author":[{"embeddable":true,"href":"https:\/\/informativoelvalledeaguascalientes.online\/index.php?rest_route=\/wp\/v2\/users\/1"}],"replies":[{"embeddable":true,"href":"https:\/\/informativoelvalledeaguascalientes.online\/index.php?rest_route=%2Fwp%2Fv2%2Fcomments&post=14727"}],"version-history":[{"count":1,"href":"https:\/\/informativoelvalledeaguascalientes.online\/index.php?rest_route=\/wp\/v2\/posts\/14727\/revisions"}],"predecessor-version":[{"id":14729,"href":"https:\/\/informativoelvalledeaguascalientes.online\/index.php?rest_route=\/wp\/v2\/posts\/14727\/revisions\/14729"}],"wp:featuredmedia":[{"embeddable":true,"href":"https:\/\/informativoelvalledeaguascalientes.online\/index.php?rest_route=\/wp\/v2\/media\/14728"}],"wp:attachment":[{"href":"https:\/\/informativoelvalledeaguascalientes.online\/index.php?rest_route=%2Fwp%2Fv2%2Fmedia&parent=14727"}],"wp:term":[{"taxonomy":"category","embeddable":true,"href":"https:\/\/informativoelvalledeaguascalientes.online\/index.php?rest_route=%2Fwp%2Fv2%2Fcategories&post=14727"},{"taxonomy":"post_tag","embeddable":true,"href":"https:\/\/informativoelvalledeaguascalientes.online\/index.php?rest_route=%2Fwp%2Fv2%2Ftags&post=14727"}],"curies":[{"name":"wp","href":"https:\/\/api.w.org\/{rel}","templated":true}]}}