{"id":14724,"date":"2020-12-17T01:03:47","date_gmt":"2020-12-17T07:03:47","guid":{"rendered":"https:\/\/informativoelvalledeaguascalientes.online\/?p=14724"},"modified":"2020-12-17T01:03:47","modified_gmt":"2020-12-17T07:03:47","slug":"reconocen-a-jovenes-destacados-en-el-premio-estatal-de-la-juventud-2020","status":"publish","type":"post","link":"https:\/\/informativoelvalledeaguascalientes.online\/?p=14724","title":{"rendered":"RECONOCEN A J\u00d3VENES DESTACADOS EN EL PREMIO ESTATAL DE LA JUVENTUD 2020"},"content":{"rendered":"<p>#informativoelvalledeaguascalientes<\/p>\n<p>#novaradioaguascalientes<\/p>\n<ul>\n<li dir=\"ltr\">\n<p dir=\"ltr\"><span>3 j\u00f3venes fueron galardonados con el premio Estatal a la Juventud en 3 categor\u00edas <\/span>diferentes.<\/p>\n<\/li>\n<li dir=\"ltr\">\n<p dir=\"ltr\">\u00a0Esta edici\u00f3n 2020 es un reconocimiento para las y los j\u00f3venes que no han bajado la guardia: RGC<\/p>\n<\/li>\n<\/ul>\n<p>&nbsp;<\/p>\n<p dir=\"ltr\">\u201cEsta edici\u00f3n 2020 es especial, es un reconocimiento a todas y todos los j\u00f3venes que no se han detenido y que siguen adelante, aun y con el agotamiento, el coraz\u00f3n roto por sus p\u00e9rdidas y un presente complejo\u201d se\u00f1al\u00f3 Ruth Guzm\u00e1n Cuevas, titular del Instituto Aguascalentense de la Juventud (IAJU).<\/p>\n<p dir=\"ltr\">El Premio Estatal de la Juventud es uno de los aportes m\u00e1s importantes del Gobierno del Estado para las y los j\u00f3venes, brind\u00e1ndoles la oportunidad de poner en pr\u00e1ctica proyectos que generen un cambio en la sociedad, mencion\u00f3 la titular.<\/p>\n<p dir=\"ltr\">La premiaci\u00f3n se compuso de 3 categor\u00edas; Contribuci\u00f3n a la Promoci\u00f3n y Defensa de los Derechos Humanos, donde result\u00f3 ganadora Bertha Alicia Morales con su proyecto Diversa, Laboratorio de Arte y LGBT+, para la defensa de los derechos de la diversidad sexual por medio de la cultura.<\/p>\n<p dir=\"ltr\">Contribuci\u00f3n y Desarrollo Sustentable y Medio Ambiente, en donde la ganadora fue Michelle L\u00f3pez Garc\u00eda con su proyecto Tratamiento de Aguas Residuales en base a Humedales Artificiales con Macr\u00f3fitas Acu\u00e1ticas en el Estado de Aguascalientes.<\/p>\n<p dir=\"ltr\">Luis Manuel Hern\u00e1ndez se llev\u00f3 el premio a Contribuci\u00f3n y Fomento al Desarrollo Cultural y Art\u00edstico, donde con su proyecto Libros Vagabundos, en el que busca crear una biblioteca comunitaria e itinerante.<\/p>\n<p dir=\"ltr\">Finalmente Sofia Gayt\u00e1n Martinez obtuvo menci\u00f3n honor\u00edfica por ser la persona m\u00e1s joven en presentar su proyecto en esta edici\u00f3n 2020 con Flores con Paneles Solares para proveer Wi Fi en zonas p\u00fablicas, para que las y los ni\u00f1os tengan internet en espacios p\u00fablicos.<\/p>\n<p dir=\"ltr\">Ruth Guzm\u00e1n mencion\u00f3 que se siente honrada de representar a las y los j\u00f3venes y los invit\u00f3 a mantener la frente en alto y no darse por vencidos.<\/p>\n<p dir=\"ltr\">Finalmente, en representaci\u00f3n del gobernador Mart\u00edn Orozco Sandoval, el secretario General de Gobierno, Juan Manuel Flores Femat, hizo un llamado a las y los j\u00f3venes aguascalentenses para que contin\u00faen demostrando su esp\u00edritu de lucha que abone al crecimiento y desarrollo del estado de Aguascalientes, as\u00ed como a contribuir con su \u00edmpetu emprendedor en la resoluci\u00f3n de las diversas problem\u00e1ticas a las que nos enfrentamos.<\/p>\n","protected":false},"excerpt":{"rendered":"<p>#informativoelvalledeaguascalientes #novaradioaguascalientes 3 j\u00f3venes fueron galardonados con el premio Estatal a la Juventud en 3 categor\u00edas diferentes. \u00a0Esta edici\u00f3n 2020 es un reconocimiento para las y los j\u00f3venes que no han bajado la guardia: RGC &nbsp; \u201cEsta edici\u00f3n 2020 es especial, es un reconocimiento a todas y todos los j\u00f3venes que no se han detenido [&hellip;]<\/p>\n","protected":false},"author":1,"featured_media":14725,"comment_status":"closed","ping_status":"open","sticky":false,"template":"","format":"standard","meta":{"advanced_seo_description":"","jetpack_seo_html_title":"","jetpack_seo_noindex":false,"_jetpack_memberships_contains_paid_content":false,"footnotes":"","jetpack_publicize_message":"","jetpack_publicize_feature_enabled":true,"jetpack_social_post_already_shared":true,"jetpack_social_options":{"image_generator_settings":{"template":"highway","default_image_id":0,"font":"","enabled":false},"version":2}},"categories":[21,4],"tags":[22,35],"class_list":["post-14724","post","type-post","status-publish","format-standard","has-post-thumbnail","hentry","category-aguascalientes","category-gobierno-del-estado-aguascalientes","tag-aguascalientes","tag-iaju"],"jetpack_publicize_connections":[],"jetpack_featured_media_url":"https:\/\/i0.wp.com\/informativoelvalledeaguascalientes.online\/wp-content\/uploads\/2020\/12\/iaju_16122020.jpg?fit=1920%2C1280&ssl=1","jetpack-related-posts":[],"jetpack_sharing_enabled":true,"jetpack_likes_enabled":true,"_links":{"self":[{"href":"https:\/\/informativoelvalledeaguascalientes.online\/index.php?rest_route=\/wp\/v2\/posts\/14724","targetHints":{"allow":["GET"]}}],"collection":[{"href":"https:\/\/informativoelvalledeaguascalientes.online\/index.php?rest_route=\/wp\/v2\/posts"}],"about":[{"href":"https:\/\/informativoelvalledeaguascalientes.online\/index.php?rest_route=\/wp\/v2\/types\/post"}],"author":[{"embeddable":true,"href":"https:\/\/informativoelvalledeaguascalientes.online\/index.php?rest_route=\/wp\/v2\/users\/1"}],"replies":[{"embeddable":true,"href":"https:\/\/informativoelvalledeaguascalientes.online\/index.php?rest_route=%2Fwp%2Fv2%2Fcomments&post=14724"}],"version-history":[{"count":1,"href":"https:\/\/informativoelvalledeaguascalientes.online\/index.php?rest_route=\/wp\/v2\/posts\/14724\/revisions"}],"predecessor-version":[{"id":14726,"href":"https:\/\/informativoelvalledeaguascalientes.online\/index.php?rest_route=\/wp\/v2\/posts\/14724\/revisions\/14726"}],"wp:featuredmedia":[{"embeddable":true,"href":"https:\/\/informativoelvalledeaguascalientes.online\/index.php?rest_route=\/wp\/v2\/media\/14725"}],"wp:attachment":[{"href":"https:\/\/informativoelvalledeaguascalientes.online\/index.php?rest_route=%2Fwp%2Fv2%2Fmedia&parent=14724"}],"wp:term":[{"taxonomy":"category","embeddable":true,"href":"https:\/\/informativoelvalledeaguascalientes.online\/index.php?rest_route=%2Fwp%2Fv2%2Fcategories&post=14724"},{"taxonomy":"post_tag","embeddable":true,"href":"https:\/\/informativoelvalledeaguascalientes.online\/index.php?rest_route=%2Fwp%2Fv2%2Ftags&post=14724"}],"curies":[{"name":"wp","href":"https:\/\/api.w.org\/{rel}","templated":true}]}}