{"id":14687,"date":"2020-12-15T23:53:41","date_gmt":"2020-12-16T05:53:41","guid":{"rendered":"https:\/\/informativoelvalledeaguascalientes.online\/?p=14687"},"modified":"2020-12-15T23:53:41","modified_gmt":"2020-12-16T05:53:41","slug":"la-comision-politica-permanente-del-pri-aprueba-las-plataformas-politicas-de-los-11-municipios-y-legislativa-de-participacion-en-el-proceso-electoral-2020-2021","status":"publish","type":"post","link":"https:\/\/informativoelvalledeaguascalientes.online\/?p=14687","title":{"rendered":"LA COMISI\u00d3N POL\u00cdTICA PERMANENTE DEL PRI APRUEBA LAS PLATAFORMAS POL\u00cdTICAS DE LOS 11 MUNICIPIOS Y LEGISLATIVA DE PARTICIPACI\u00d3N EN EL PROCESO ELECTORAL 2020-2021"},"content":{"rendered":"<p style=\"font-weight: 400;\"><strong>\u00a0<\/strong>#informativoelvalledeaguascalientes<\/p>\n<p>#novaradioaguascalientes<\/p>\n<p style=\"font-weight: 400;\">Con un minuto de silencio solicitado por parte del delegado del CEN del PRI, Luis Antonio Mu\u00f1oz Mosqueda, se rindi\u00f3 homenaje a la memoria del Secretario T\u00e9cnico del Consejo Pol\u00edtico Estatal y ex secretario adjunto de presidencia del CDE del PRI, J. Pilar Moreno Montoya, previ\u00f3 a la clausura de los trabajos de la segunda sesi\u00f3n extraordinaria de la Comisi\u00f3n Pol\u00edtica Permanente.<\/p>\n<p style=\"font-weight: 400;\">\n<p style=\"font-weight: 400;\">V\u00eda plataformas digitales como medida sanitaria contra el Coronavirus, y de manera presencial la dirigencia conformada por el presidente del Comit\u00e9 Directivo Estatal, Herminio Ventura Rodr\u00edguez, y la Secretaria General del PRI, adem\u00e1s de los representantes de sectores y organizaciones desarrollaron la reuni\u00f3n plenaria.<\/p>\n<p style=\"font-weight: 400;\">\n<p style=\"font-weight: 400;\">Por mayor\u00eda se aprobaron los acuerdos de las 2 Plataformas Pol\u00edticas para los 11 Ayuntamientos y Legislativa, desarrolladas por la Fundaci\u00f3n Colosio A.C., para su registro ante el Consejo General del Instituto Estatal Electoral de Aguascalientes, con las que participaremos en el presente proceso electoral 2020-2021.<\/p>\n<p style=\"font-weight: 400;\">\n<p style=\"font-weight: 400;\"><strong>Plataforma Municipal PRI 2021-2024<\/strong><\/p>\n<p style=\"font-weight: 400;\">\n<p style=\"font-weight: 400;\">En la nueva realidad que nuestro instituto pol\u00edtico vive, como partido pol\u00edtico nacional, nos encontramos de frente con la gran oportunidad de ampliar la visi\u00f3n de forma innovadora para que los 11 Ayuntamientos del Estado de Aguascalientes, presten con eficacia los servicios p\u00fablicos municipales que mandata el Art\u00edculo 115 de la Constituci\u00f3n Pol\u00edtica de los Estados Unidos Mexicanos.<\/p>\n<p style=\"font-weight: 400;\">\n<p style=\"font-weight: 400;\"><strong>Plataforma Legislativa PRI 2021-2024<\/strong><\/p>\n<p style=\"font-weight: 400;\"><strong>\u00a0<\/strong><\/p>\n<p style=\"font-weight: 400;\">Con la presente Plataforma Electoral del PRI se destaca el compromiso de su diputaci\u00f3n para legislar e impulsar todas las medidas urgentes y sustantivas, de acuerdo a sus facultades, que resultan indispensables para proteger la salud y la vida de los aguascalentenses, debido a las condiciones de gravedad en que nos encontramos todos los habitantes del Estado, ocasionadas por la COVID-19.<\/p>\n<p style=\"font-weight: 400;\">\n<p style=\"font-weight: 400;\">Establece las bases y las l\u00edneas generales de las propuestas que sus candidatos pondr\u00e1n a la consideraci\u00f3n de la ciudadan\u00eda, durante el proceso electoral 2020-2021 en el que se realizar\u00e1n las elecciones constitucionales para elegir a los integrantes de la LXV Legislatura del H. Congreso del Estado, para el per\u00edodo 2021-2024.<\/p>\n<p style=\"font-weight: 400;\">\n<p style=\"font-weight: 400;\">Los priistas de Aguascalientes, con base en nuestras Plataformas Pol\u00edticas estamos resueltos a recuperar la confianza de la mayor\u00eda de los electores para encabezar las transformaciones a favor de la ciudadan\u00eda en general y fortalecer los mecanismos institucionales de gesti\u00f3n, a favor de la Democracia y de la Justicia Social en nuestra entidad federativa.<\/p>\n<p style=\"font-weight: 400;\">\n","protected":false},"excerpt":{"rendered":"<p>\u00a0#informativoelvalledeaguascalientes #novaradioaguascalientes Con un minuto de silencio solicitado por parte del delegado del CEN del PRI, Luis Antonio Mu\u00f1oz Mosqueda, se rindi\u00f3 homenaje a la memoria del Secretario T\u00e9cnico del Consejo Pol\u00edtico Estatal y ex secretario adjunto de presidencia del CDE del PRI, J. Pilar Moreno Montoya, previ\u00f3 a la clausura de los trabajos de [&hellip;]<\/p>\n","protected":false},"author":1,"featured_media":14688,"comment_status":"closed","ping_status":"open","sticky":false,"template":"","format":"standard","meta":{"advanced_seo_description":"","jetpack_seo_html_title":"","jetpack_seo_noindex":false,"_jetpack_memberships_contains_paid_content":false,"footnotes":"","jetpack_publicize_message":"","jetpack_publicize_feature_enabled":true,"jetpack_social_post_already_shared":true,"jetpack_social_options":{"image_generator_settings":{"template":"highway","default_image_id":0,"font":"","enabled":false},"version":2}},"categories":[21,19,6,9],"tags":[22,33],"class_list":["post-14687","post","type-post","status-publish","format-standard","has-post-thumbnail","hentry","category-aguascalientes","category-informacion-general","category-partidos-politicos","category-pri-aguascalientes","tag-aguascalientes","tag-pri-aguascalientes-cde"],"jetpack_publicize_connections":[],"jetpack_featured_media_url":"https:\/\/i0.wp.com\/informativoelvalledeaguascalientes.online\/wp-content\/uploads\/2020\/12\/pri_ags_cde_15122020.jpg?fit=940%2C625&ssl=1","jetpack-related-posts":[],"jetpack_sharing_enabled":true,"jetpack_likes_enabled":true,"_links":{"self":[{"href":"https:\/\/informativoelvalledeaguascalientes.online\/index.php?rest_route=\/wp\/v2\/posts\/14687","targetHints":{"allow":["GET"]}}],"collection":[{"href":"https:\/\/informativoelvalledeaguascalientes.online\/index.php?rest_route=\/wp\/v2\/posts"}],"about":[{"href":"https:\/\/informativoelvalledeaguascalientes.online\/index.php?rest_route=\/wp\/v2\/types\/post"}],"author":[{"embeddable":true,"href":"https:\/\/informativoelvalledeaguascalientes.online\/index.php?rest_route=\/wp\/v2\/users\/1"}],"replies":[{"embeddable":true,"href":"https:\/\/informativoelvalledeaguascalientes.online\/index.php?rest_route=%2Fwp%2Fv2%2Fcomments&post=14687"}],"version-history":[{"count":1,"href":"https:\/\/informativoelvalledeaguascalientes.online\/index.php?rest_route=\/wp\/v2\/posts\/14687\/revisions"}],"predecessor-version":[{"id":14689,"href":"https:\/\/informativoelvalledeaguascalientes.online\/index.php?rest_route=\/wp\/v2\/posts\/14687\/revisions\/14689"}],"wp:featuredmedia":[{"embeddable":true,"href":"https:\/\/informativoelvalledeaguascalientes.online\/index.php?rest_route=\/wp\/v2\/media\/14688"}],"wp:attachment":[{"href":"https:\/\/informativoelvalledeaguascalientes.online\/index.php?rest_route=%2Fwp%2Fv2%2Fmedia&parent=14687"}],"wp:term":[{"taxonomy":"category","embeddable":true,"href":"https:\/\/informativoelvalledeaguascalientes.online\/index.php?rest_route=%2Fwp%2Fv2%2Fcategories&post=14687"},{"taxonomy":"post_tag","embeddable":true,"href":"https:\/\/informativoelvalledeaguascalientes.online\/index.php?rest_route=%2Fwp%2Fv2%2Ftags&post=14687"}],"curies":[{"name":"wp","href":"https:\/\/api.w.org\/{rel}","templated":true}]}}