{"id":14684,"date":"2020-12-15T23:50:40","date_gmt":"2020-12-16T05:50:40","guid":{"rendered":"https:\/\/informativoelvalledeaguascalientes.online\/?p=14684"},"modified":"2020-12-15T23:50:40","modified_gmt":"2020-12-16T05:50:40","slug":"impulsa-utna-bilinguismo-a-traves-de-capacitacion-virtual-sobre-neuroeducacion","status":"publish","type":"post","link":"https:\/\/informativoelvalledeaguascalientes.online\/?p=14684","title":{"rendered":"IMPULSA UTNA BILING\u00dcISMO A TRAV\u00c9S DE CAPACITACI\u00d3N VIRTUAL SOBRE NEUROEDUCACI\u00d3N"},"content":{"rendered":"<p>#informativoelvalledeaguascalientes<\/p>\n<p>#novaradioaguascalientes<\/p>\n<ul>\n<li style=\"font-weight: 400;\"><strong><em>Participan instituciones de educaci\u00f3n media superior y superior del pa\u00eds<\/em><\/strong><\/li>\n<li style=\"font-weight: 400;\"><strong><em>Se busca que<\/em><\/strong><strong><em>\u00a0docentes generen estrategias que estimulen el pensamiento cognitivo\u00a0para la impartici\u00f3n de\u00a0clases personalizadas<\/em><\/strong><\/li>\n<\/ul>\n<p style=\"font-weight: 400;\">\n<p style=\"font-weight: 400;\">Con el objetivo de fortalecer las herramientas docentes de los profesores de la Universidad Tecnol\u00f3gica del Norte de Aguascalientes (UTNA) y lograr sinergia con la experiencia compartida con catedr\u00e1ticos de otras instituciones de nivel superior del pa\u00eds, se llev\u00f3 a cabo la capacitaci\u00f3n virtual \u201cEl rol de la neuroeducaci\u00f3n en el aula\u201d, impartida por la Dulce Mar\u00eda Mart\u00ednez Mart\u00edn del Campo, experta en psicolog\u00eda y neuroeducaci\u00f3n.<\/p>\n<p style=\"font-weight: 400;\">\n<p style=\"font-weight: 400;\">La ponente y docente de la Universidad Aut\u00f3noma de Aguascalientes (UAA)\u00a0 se\u00f1al\u00f3 que a partir de conocer el funcionamiento del cerebro durante los procesos de aprendizaje, se pueden crear metodolog\u00edas de estudio que motiven al alumno a continuar su inter\u00e9s por el segundo idioma.<\/p>\n<p style=\"font-weight: 400;\">\n<p style=\"font-weight: 400;\">Por su parte, el jefe de Departamento de Idiomas de la UTNA, Miguel \u00c1ngel Campos Ojeda, destac\u00f3 la importancia de dicha capacitaci\u00f3n organizada por el departamento de idiomas, el departamento de internacionalizaci\u00f3n y la coordinaci\u00f3n de formaci\u00f3n integral UTNA,\u00a0 ya que ampl\u00eda la visi\u00f3n y conocimiento de los docentes para aplicar nuevas estrategias educativas a distancia.<\/p>\n<p style=\"font-weight: 400;\">\n<p style=\"font-weight: 400;\">Dicho evento cont\u00f3 con la presencia virtual de 64 docentes de instituciones de educaci\u00f3n media superior y superior a nivel nacional, entre los que destacan el Colegio de Estudios Cient\u00edficos y Tecnol\u00f3gicos del Estado de Aguascaliente (CECyTEA), el Sistema Avanzado de Bachillerato y Educaci\u00f3n Superior (SABE) en el Estado de Guanajuato, la Universidad Polit\u00e9cnica de Piedras Negras y las universidades tecnol\u00f3gicas de Tehuac\u00e1n, Fidel Vel\u00e1zquez, Guti\u00e9rrez Zamora y de Aguascalientes, por mencionar algunas.<\/p>\n","protected":false},"excerpt":{"rendered":"<p>#informativoelvalledeaguascalientes #novaradioaguascalientes Participan instituciones de educaci\u00f3n media superior y superior del pa\u00eds Se busca que\u00a0docentes generen estrategias que estimulen el pensamiento cognitivo\u00a0para la impartici\u00f3n de\u00a0clases personalizadas Con el objetivo de fortalecer las herramientas docentes de los profesores de la Universidad Tecnol\u00f3gica del Norte de Aguascalientes (UTNA) y lograr sinergia con la experiencia compartida con catedr\u00e1ticos [&hellip;]<\/p>\n","protected":false},"author":1,"featured_media":14685,"comment_status":"closed","ping_status":"open","sticky":false,"template":"","format":"standard","meta":{"advanced_seo_description":"","jetpack_seo_html_title":"","jetpack_seo_noindex":false,"_jetpack_memberships_contains_paid_content":false,"footnotes":"","jetpack_publicize_message":"","jetpack_publicize_feature_enabled":true,"jetpack_social_post_already_shared":true,"jetpack_social_options":{"image_generator_settings":{"template":"highway","default_image_id":0,"font":"","enabled":false},"version":2}},"categories":[21,4],"tags":[22,48],"class_list":["post-14684","post","type-post","status-publish","format-standard","has-post-thumbnail","hentry","category-aguascalientes","category-gobierno-del-estado-aguascalientes","tag-aguascalientes","tag-utna"],"jetpack_publicize_connections":[],"jetpack_featured_media_url":"https:\/\/i0.wp.com\/informativoelvalledeaguascalientes.online\/wp-content\/uploads\/2020\/12\/utna_15022020.jpg?fit=833%2C625&ssl=1","jetpack-related-posts":[],"jetpack_sharing_enabled":true,"jetpack_likes_enabled":true,"_links":{"self":[{"href":"https:\/\/informativoelvalledeaguascalientes.online\/index.php?rest_route=\/wp\/v2\/posts\/14684","targetHints":{"allow":["GET"]}}],"collection":[{"href":"https:\/\/informativoelvalledeaguascalientes.online\/index.php?rest_route=\/wp\/v2\/posts"}],"about":[{"href":"https:\/\/informativoelvalledeaguascalientes.online\/index.php?rest_route=\/wp\/v2\/types\/post"}],"author":[{"embeddable":true,"href":"https:\/\/informativoelvalledeaguascalientes.online\/index.php?rest_route=\/wp\/v2\/users\/1"}],"replies":[{"embeddable":true,"href":"https:\/\/informativoelvalledeaguascalientes.online\/index.php?rest_route=%2Fwp%2Fv2%2Fcomments&post=14684"}],"version-history":[{"count":1,"href":"https:\/\/informativoelvalledeaguascalientes.online\/index.php?rest_route=\/wp\/v2\/posts\/14684\/revisions"}],"predecessor-version":[{"id":14686,"href":"https:\/\/informativoelvalledeaguascalientes.online\/index.php?rest_route=\/wp\/v2\/posts\/14684\/revisions\/14686"}],"wp:featuredmedia":[{"embeddable":true,"href":"https:\/\/informativoelvalledeaguascalientes.online\/index.php?rest_route=\/wp\/v2\/media\/14685"}],"wp:attachment":[{"href":"https:\/\/informativoelvalledeaguascalientes.online\/index.php?rest_route=%2Fwp%2Fv2%2Fmedia&parent=14684"}],"wp:term":[{"taxonomy":"category","embeddable":true,"href":"https:\/\/informativoelvalledeaguascalientes.online\/index.php?rest_route=%2Fwp%2Fv2%2Fcategories&post=14684"},{"taxonomy":"post_tag","embeddable":true,"href":"https:\/\/informativoelvalledeaguascalientes.online\/index.php?rest_route=%2Fwp%2Fv2%2Ftags&post=14684"}],"curies":[{"name":"wp","href":"https:\/\/api.w.org\/{rel}","templated":true}]}}