{"id":14282,"date":"2020-12-06T12:57:38","date_gmt":"2020-12-06T18:57:38","guid":{"rendered":"https:\/\/informativoelvalledeaguascalientes.online\/?p=14282"},"modified":"2020-12-06T12:57:38","modified_gmt":"2020-12-06T18:57:38","slug":"impulsa-tono-martin-del-campo-acciones-a-favor-de-los-jovenes-mexicanos","status":"publish","type":"post","link":"https:\/\/informativoelvalledeaguascalientes.online\/?p=14282","title":{"rendered":"IMPULSA TO\u00d1O MART\u00cdN DEL CAMPO ACCIONES A FAVOR DE LOS J\u00d3VENES MEXICANOS"},"content":{"rendered":"<p>#informativoelvalledeaguascalientes<\/p>\n<p>#novaradioaguascalientes<\/p>\n<ul>\n<li><strong>El actual Plan de Vivienda excluye a la juventud como sector prioritario para obtener sus beneficios<\/strong><\/li>\n<\/ul>\n<p><strong>\u00a0<\/strong><\/p>\n<ul>\n<li><strong>Por lo anterior, el Senador por Aguascalientes present\u00f3 una iniciativa para reformar la Ley en la materia y ofrecer a este grupo social m\u00e1s oportunidades <\/strong><\/li>\n<\/ul>\n<p><strong><em>\u00a0<\/em><\/strong><\/p>\n<ul>\n<li><strong>La propuesta consiste en la creaci\u00f3n de un programa especial que permita a los j\u00f3venes conformar su historial crediticio para la compra de una vivienda digna<\/strong><\/li>\n<\/ul>\n<p><strong>\u00a0<\/strong><\/p>\n<p>Debido a que el derecho a la vivienda es considerado como un elemento importante para el pleno desarrollo del ser humano y la satisfacci\u00f3n de sus necesidades b\u00e1sicas, el Senador por Aguascalientes, Juan Antonio Mart\u00edn del Campo, present\u00f3 la iniciativa con proyecto de decreto por el que se reforman diversos art\u00edculos de la Ley de Vivienda en materia de acceso a este bien para la juventud.<\/p>\n<p>&nbsp;<\/p>\n<p>Explic\u00f3 que mantener un hogar y una comunidad segura donde se pueda vivir en paz y con dignidad es la condici\u00f3n previa para el disfrute de una gran variedad de derechos como el trabajo, la salud, la seguridad social, la privacidad y la educaci\u00f3n, por ello la importancia de promover acciones que faciliten a la sociedad en su conjunto la adquisici\u00f3n de un bien inmueble.<\/p>\n<p>&nbsp;<\/p>\n<p>Detall\u00f3 que si bien el Estado debe otorgar las condiciones necesarias para que todas las personas puedan obtener los mecanismos financieros que les permitan adquirir o construir un bien inmueble, actualmente el marco jur\u00eddico de nuestro pa\u00eds cuenta con una Ley de Vivienda donde se excluye a la juventud como sector prioritario para obtener sus beneficios, centrando sus programas en acciones y estrategias a favor de la poblaci\u00f3n en situaci\u00f3n de pobreza, marginaci\u00f3n y vulnerabilidad.<\/p>\n<p>&nbsp;<\/p>\n<p>El legislador describi\u00f3 que de acuerdo al informe \u201cLos J\u00f3venes y los Mercados Laborales\u201d elaborado por el observatorio de Salarios de la Universidad Iberoamericana, refiere que el 66.5% de las y los j\u00f3venes mexicanos de 15 a 29 a\u00f1os que forman parte de la poblaci\u00f3n trabajadora asalariada en M\u00e9xico se encuentran en situaci\u00f3n de precariedad laboral, es decir, carecen de prestaciones en salario y el 58%\u00a0 ni siquiera cuentan con un contrato laboral.<\/p>\n<p>&nbsp;<\/p>\n<p><em>\u201cSe propone reformar la Ley de Vivienda con la finalidad de crear un programa especial, en coordinaci\u00f3n con las entidades federativas y los municipios, que contemple la generaci\u00f3n de mecanismos que permitan a las y los j\u00f3venes conformar su historial crediticio para la compra, renta o mejora de una vivienda digna, que no los orille a vivir lejos de sus familias o a realizar largos recorridos en transporte para llegar a sus trabajos, escuelas o centros de salud\u201d.<\/em><\/p>\n<p>&nbsp;<\/p>\n<p>Mart\u00edn del Campo coment\u00f3 que en las principales ciudades del pa\u00eds es casi imposible la compra de una vivienda con un salario menor a los 20 mil pesos y en todo caso, las opciones existentes se remiten a la periferia de las zonas metropolitanas, lo que reduce a\u00fan m\u00e1s las oportunidades, por lo que subray\u00f3 que el dise\u00f1o y planeaci\u00f3n de las ciudades y sus alrededores debe contemplar en todo momento a las y los j\u00f3venes.<\/p>\n<p>&nbsp;<\/p>\n<p>Por lo anterior, mencion\u00f3 que con esta iniciativa tambi\u00e9n se pretende dar impulso a un conjunto de apoyos y subsidios que permitan disminuir la carga econ\u00f3mica que implica para los j\u00f3venes el acceso a la vivienda, principalmente a aquellos que a su corta edad ya son jefes de familia o tienen dependientes econ\u00f3micos.<\/p>\n<p>&nbsp;<\/p>\n<p>Finalmente dej\u00f3 en claro que en su posici\u00f3n como legislador federal continuar\u00e1 con la promoci\u00f3n, creaci\u00f3n e impulso de los mecanismos legales que permitan a la juventud gozar de un mayor y mejor desarrollo en su entorno econ\u00f3mico y social y as\u00ed garantizar el ejercicio de sus derechos a plenitud.<\/p>\n","protected":false},"excerpt":{"rendered":"<p>#informativoelvalledeaguascalientes #novaradioaguascalientes El actual Plan de Vivienda excluye a la juventud como sector prioritario para obtener sus beneficios \u00a0 Por lo anterior, el Senador por Aguascalientes present\u00f3 una iniciativa para reformar la Ley en la materia y ofrecer a este grupo social m\u00e1s oportunidades \u00a0 La propuesta consiste en la creaci\u00f3n de un programa especial [&hellip;]<\/p>\n","protected":false},"author":1,"featured_media":14283,"comment_status":"closed","ping_status":"open","sticky":false,"template":"","format":"standard","meta":{"advanced_seo_description":"","jetpack_seo_html_title":"","jetpack_seo_noindex":false,"_jetpack_memberships_contains_paid_content":false,"footnotes":"","jetpack_publicize_message":"","jetpack_publicize_feature_enabled":true,"jetpack_social_post_already_shared":true,"jetpack_social_options":{"image_generator_settings":{"template":"highway","default_image_id":0,"font":"","enabled":false},"version":2}},"categories":[21,19,7,6],"tags":[22,23,49],"class_list":["post-14282","post","type-post","status-publish","format-standard","has-post-thumbnail","hentry","category-aguascalientes","category-informacion-general","category-pan-aguascalientes","category-partidos-politicos","tag-aguascalientes","tag-pan-aguascalientes","tag-tono-martin-del-campo"],"jetpack_publicize_connections":[],"jetpack_featured_media_url":"https:\/\/i0.wp.com\/informativoelvalledeaguascalientes.online\/wp-content\/uploads\/2020\/12\/tmc_03122020.jpeg?fit=752%2C597&ssl=1","jetpack-related-posts":[],"jetpack_sharing_enabled":true,"jetpack_likes_enabled":true,"_links":{"self":[{"href":"https:\/\/informativoelvalledeaguascalientes.online\/index.php?rest_route=\/wp\/v2\/posts\/14282","targetHints":{"allow":["GET"]}}],"collection":[{"href":"https:\/\/informativoelvalledeaguascalientes.online\/index.php?rest_route=\/wp\/v2\/posts"}],"about":[{"href":"https:\/\/informativoelvalledeaguascalientes.online\/index.php?rest_route=\/wp\/v2\/types\/post"}],"author":[{"embeddable":true,"href":"https:\/\/informativoelvalledeaguascalientes.online\/index.php?rest_route=\/wp\/v2\/users\/1"}],"replies":[{"embeddable":true,"href":"https:\/\/informativoelvalledeaguascalientes.online\/index.php?rest_route=%2Fwp%2Fv2%2Fcomments&post=14282"}],"version-history":[{"count":1,"href":"https:\/\/informativoelvalledeaguascalientes.online\/index.php?rest_route=\/wp\/v2\/posts\/14282\/revisions"}],"predecessor-version":[{"id":14284,"href":"https:\/\/informativoelvalledeaguascalientes.online\/index.php?rest_route=\/wp\/v2\/posts\/14282\/revisions\/14284"}],"wp:featuredmedia":[{"embeddable":true,"href":"https:\/\/informativoelvalledeaguascalientes.online\/index.php?rest_route=\/wp\/v2\/media\/14283"}],"wp:attachment":[{"href":"https:\/\/informativoelvalledeaguascalientes.online\/index.php?rest_route=%2Fwp%2Fv2%2Fmedia&parent=14282"}],"wp:term":[{"taxonomy":"category","embeddable":true,"href":"https:\/\/informativoelvalledeaguascalientes.online\/index.php?rest_route=%2Fwp%2Fv2%2Fcategories&post=14282"},{"taxonomy":"post_tag","embeddable":true,"href":"https:\/\/informativoelvalledeaguascalientes.online\/index.php?rest_route=%2Fwp%2Fv2%2Ftags&post=14282"}],"curies":[{"name":"wp","href":"https:\/\/api.w.org\/{rel}","templated":true}]}}