{"id":14279,"date":"2020-12-06T12:51:30","date_gmt":"2020-12-06T18:51:30","guid":{"rendered":"https:\/\/informativoelvalledeaguascalientes.online\/?p=14279"},"modified":"2020-12-06T12:51:30","modified_gmt":"2020-12-06T18:51:30","slug":"atento-proteccion-civil-estatal-ante-pronostico-de-temperaturas-de-5-a-0c-para-las-proximas-48-horas","status":"publish","type":"post","link":"https:\/\/informativoelvalledeaguascalientes.online\/?p=14279","title":{"rendered":"ATENTO PROTECCI\u00d3N CIVIL ESTATAL ANTE PRON\u00d3STICO DE TEMPERATURAS DE -5 A 0\u00b0C PARA LAS PR\u00d3XIMAS 48 HORAS"},"content":{"rendered":"<p>#informativoelvalledeaguascalientes<\/p>\n<p>#novaradioaguascalientes<\/p>\n<ul>\n<li style=\"font-weight: 400;\"><strong><em>Seg\u00fan pron\u00f3sticos del SMN, el frente fr\u00edo n\u00famero 18 tambi\u00e9n podr\u00eda ocasionar heladas en zonas altas y monta\u00f1osas del estado<\/em><\/strong><\/li>\n<li style=\"font-weight: 400;\"><strong><em>Protecci\u00f3n Civil recomienda a la poblaci\u00f3n extremar los cuidados de su salud y de sus bienes materiales<\/em><\/strong><\/li>\n<\/ul>\n<p style=\"font-weight: 400;\"><strong><em>\u00a0<\/em><\/strong><\/p>\n<p style=\"font-weight: 400;\"><strong><em>\u00a0<\/em><\/strong><\/p>\n<p style=\"font-weight: 400;\">Se mantiene atenta la Coordinaci\u00f3n Estatal de Protecci\u00f3n Civil ante los pron\u00f3sticos de descensos de temperaturas para el estado durante las pr\u00f3ximas 48 horas, mismas que en las zonas altas y monta\u00f1osas podr\u00edan oscilar entre los -5 y 0\u00b0C, trayendo consigo posibilidades de heladas, as\u00ed lo anunci\u00f3 el titular de dicha dependencia, H\u00e9ctor Reyes Hern\u00e1ndez.<\/p>\n<p style=\"font-weight: 400;\">\n<p style=\"font-weight: 400;\">El funcionario estatal refiri\u00f3 que de acuerdo a los pron\u00f3sticos del Servicio Meteorol\u00f3gico Nacional (SMN), el ambiente g\u00e9lido que persistir\u00e1 en nuestra entidad al menos hasta la madrugada del domingo, se debe a la trayectoria del frente fr\u00edo n\u00famero 18 por territorio nacional, que es impulsado por una masa de aire polar.<\/p>\n<p style=\"font-weight: 400;\">\n<p style=\"font-weight: 400;\">La Coordinaci\u00f3n Estatal de Protecci\u00f3n Civil recomienda a la poblaci\u00f3n extremar los cuidados de su salud, por lo que los exhorta a mantenerse bien hidratados con agua; consumir alimentos ricos en vitaminas A y C, como las frutas y verduras de temporada; resguardarse del fr\u00edo en el interior de sus casas si no tienen actividades importantes al exterior; y en caso de salir de sus viviendas, hacerlo con ropa y calzado abrigadores, cubriendo las v\u00edas respiratorias para evitar el ingreso de aire fr\u00edo.<\/p>\n<p style=\"font-weight: 400;\">\n<p style=\"font-weight: 400;\">Asimismo, revisar las condiciones de las tuber\u00edas en sus hogares y cubrirlas con material aislante, el papel peri\u00f3dico es una alternativa efectiva y econ\u00f3mica; tambi\u00e9n sellar puertas y ventanas con papel peri\u00f3dico para evitar cruce de corrientes y salida de calor acumulado; evitar el uso al interior de las viviendas de anafres y calentadores que empleen combustible, pues puede generar alg\u00fan incendio e intoxicaciones en las personas; y reportar cualquier emergencia a la l\u00ednea del 911.<\/p>\n","protected":false},"excerpt":{"rendered":"<p>#informativoelvalledeaguascalientes #novaradioaguascalientes Seg\u00fan pron\u00f3sticos del SMN, el frente fr\u00edo n\u00famero 18 tambi\u00e9n podr\u00eda ocasionar heladas en zonas altas y monta\u00f1osas del estado Protecci\u00f3n Civil recomienda a la poblaci\u00f3n extremar los cuidados de su salud y de sus bienes materiales \u00a0 \u00a0 Se mantiene atenta la Coordinaci\u00f3n Estatal de Protecci\u00f3n Civil ante los pron\u00f3sticos de descensos [&hellip;]<\/p>\n","protected":false},"author":1,"featured_media":14280,"comment_status":"closed","ping_status":"open","sticky":false,"template":"","format":"standard","meta":{"advanced_seo_description":"","jetpack_seo_html_title":"","jetpack_seo_noindex":false,"_jetpack_memberships_contains_paid_content":false,"footnotes":"","jetpack_publicize_message":"","jetpack_publicize_feature_enabled":true,"jetpack_social_post_already_shared":true,"jetpack_social_options":{"image_generator_settings":{"template":"highway","default_image_id":0,"font":"","enabled":false},"version":2}},"categories":[21,4],"tags":[22,51],"class_list":["post-14279","post","type-post","status-publish","format-standard","has-post-thumbnail","hentry","category-aguascalientes","category-gobierno-del-estado-aguascalientes","tag-aguascalientes","tag-seggob"],"jetpack_publicize_connections":[],"jetpack_featured_media_url":"https:\/\/i0.wp.com\/informativoelvalledeaguascalientes.online\/wp-content\/uploads\/2020\/12\/seggob_13122020.jpg?fit=938%2C625&ssl=1","jetpack-related-posts":[],"jetpack_sharing_enabled":true,"jetpack_likes_enabled":true,"_links":{"self":[{"href":"https:\/\/informativoelvalledeaguascalientes.online\/index.php?rest_route=\/wp\/v2\/posts\/14279","targetHints":{"allow":["GET"]}}],"collection":[{"href":"https:\/\/informativoelvalledeaguascalientes.online\/index.php?rest_route=\/wp\/v2\/posts"}],"about":[{"href":"https:\/\/informativoelvalledeaguascalientes.online\/index.php?rest_route=\/wp\/v2\/types\/post"}],"author":[{"embeddable":true,"href":"https:\/\/informativoelvalledeaguascalientes.online\/index.php?rest_route=\/wp\/v2\/users\/1"}],"replies":[{"embeddable":true,"href":"https:\/\/informativoelvalledeaguascalientes.online\/index.php?rest_route=%2Fwp%2Fv2%2Fcomments&post=14279"}],"version-history":[{"count":1,"href":"https:\/\/informativoelvalledeaguascalientes.online\/index.php?rest_route=\/wp\/v2\/posts\/14279\/revisions"}],"predecessor-version":[{"id":14281,"href":"https:\/\/informativoelvalledeaguascalientes.online\/index.php?rest_route=\/wp\/v2\/posts\/14279\/revisions\/14281"}],"wp:featuredmedia":[{"embeddable":true,"href":"https:\/\/informativoelvalledeaguascalientes.online\/index.php?rest_route=\/wp\/v2\/media\/14280"}],"wp:attachment":[{"href":"https:\/\/informativoelvalledeaguascalientes.online\/index.php?rest_route=%2Fwp%2Fv2%2Fmedia&parent=14279"}],"wp:term":[{"taxonomy":"category","embeddable":true,"href":"https:\/\/informativoelvalledeaguascalientes.online\/index.php?rest_route=%2Fwp%2Fv2%2Fcategories&post=14279"},{"taxonomy":"post_tag","embeddable":true,"href":"https:\/\/informativoelvalledeaguascalientes.online\/index.php?rest_route=%2Fwp%2Fv2%2Ftags&post=14279"}],"curies":[{"name":"wp","href":"https:\/\/api.w.org\/{rel}","templated":true}]}}