{"id":14276,"date":"2020-12-06T12:48:03","date_gmt":"2020-12-06T18:48:03","guid":{"rendered":"https:\/\/informativoelvalledeaguascalientes.online\/?p=14276"},"modified":"2020-12-06T12:48:19","modified_gmt":"2020-12-06T18:48:19","slug":"iam-colabora-con-img-para-capacitar-de-manera-virtual-a-las-mujeres-de-aguascalientes","status":"publish","type":"post","link":"https:\/\/informativoelvalledeaguascalientes.online\/?p=14276","title":{"rendered":"IAM COLABORA CON IMG PARA CAPACITAR DE MANERA VIRTUAL A LAS MUJERES DE AGUASCALIENTES"},"content":{"rendered":"<p>#informativoelvalledeaguascalientes<\/p>\n<p>#novaradioaguascalientes<\/p>\n<p>&nbsp;<\/p>\n<ul>\n<li dir=\"ltr\">\n<p dir=\"ltr\">Las jornadas comprenden 4 proyectos que fortalecer\u00e1n de manera integral a las mujeres de Aguascalientes<\/p>\n<\/li>\n<li dir=\"ltr\">\n<p dir=\"ltr\">Ser\u00e1 totalmente gratuito y, de cursar los 4, se otorgar\u00e1 un certificado avalado ante la Red CONOCER y la SEP y 4 diplomas, uno por cada proyecto<\/p>\n<\/li>\n<\/ul>\n<p>&nbsp;<\/p>\n<p dir=\"ltr\">A trav\u00e9s del programa de Fortalecimiento a la Transversalidad de la Perspectiva de G\u00e9nero, el Instituto Aguascalentense de las Mujeres (IAM), en colaboraci\u00f3n con el Instituto Mejores Gobernantes (IMG), llevar\u00e1 a cabo las jornadas virtuales de capacitaci\u00f3n de Bienestar Comunitario, con el objetivo de continuar capacitando a las mujeres de Aguascalientes.<\/p>\n<p dir=\"ltr\">As\u00ed lo mencion\u00f3 Nancy Guti\u00e9rrez Ruvalcaba, titular del Instituto, quien dijo que se impartir\u00e1n 4 proyectos de manera virtual, donde se dar\u00e1n charlas a trav\u00e9s de zoom del 7 al 10 de diciembre del presente a\u00f1o, de 9 a 2 de la tarde, en las que se cimentar\u00e1n las bases para que los grupos de la sociedad civil, estudiantes, y personas en general construyan a partir de las mismas.<\/p>\n<p dir=\"ltr\">Inicia el 7 de diciembre con el proyecto Derechos Sexuales y Reproductivos, donde se buscar\u00e1 que las participantes conozcan y aprendan sobre su sexualidad, su cuerpo, el ciclo menstrual y los m\u00e9todos anticonceptivos de protecci\u00f3n, abordando los temas sin tab\u00faes, as\u00ed como el consentimiento, procesos de denuncia, y apoyo emocional a una v\u00edctima.<\/p>\n<p dir=\"ltr\">El martes 8 de diciembre se impartir\u00e1 el proyecto Cuidado a las Cuidadoras, donde se les dar\u00e1n t\u00e9cnicas de autocuidado para elevar su salud mental y f\u00edsica, dot\u00e1ndolas de herramientas de liberaci\u00f3n y estimulaci\u00f3n emocional que ayudan a liberar el estr\u00e9s.<\/p>\n<p dir=\"ltr\">El mi\u00e9rcoles 9 se dar\u00e1 el proyecto de Certificaci\u00f3n de Competencias Laborales, donde las mujeres recibir\u00e1n educaci\u00f3n financiera con perspectiva de g\u00e9nero, adem\u00e1s de un certificado por Red CONOCER (Consejo Nacional de Normalizaci\u00f3n y Certificaci\u00f3n de Competencias Laborales) avalado por el Gobierno Federal y la SEP.<\/p>\n<p dir=\"ltr\">Finalmente el jueves 10 de diciembre, se impartir\u00e1 Prevenci\u00f3n y Detecci\u00f3n del c\u00e1ncer de mama y cervicouterino, donde se ense\u00f1ar\u00e1n h\u00e1bitos saludables y m\u00e9todos de detecci\u00f3n.<\/p>\n<p dir=\"ltr\">Nancy Guti\u00e9rrez mencion\u00f3 que los programas son totalmente gratuitos y, por cada uno, las participante recibir\u00e1n un diploma de parte de IAM y del IMG, para avalar sus estudios. Cabe mencionar que es un proyecto dirigido a mujeres de 16 a\u00f1os en adelante.<\/p>\n<p dir=\"ltr\">El registro ser\u00e1 a trav\u00e9s de la siguiente liga <a href=\"http:\/\/img.org.mx\/bienestar-comunitario?fbclid=IwAR3FySpDwTJGDbTWz_WImkL00xXzHFAn_wIl8hvObtHemXEJzx3HamjoBsA\" target=\"_blank\" rel=\"noopener noreferrer\" data-saferedirecturl=\"https:\/\/www.google.com\/url?q=http:\/\/img.org.mx\/bienestar-comunitario?fbclid%3DIwAR3FySpDwTJGDbTWz_WImkL00xXzHFAn_wIl8hvObtHemXEJzx3HamjoBsA&amp;source=gmail&amp;ust=1607366655182000&amp;usg=AFQjCNHggKM6V6Rb1znVEUETG37O-nUj3Q\">img.org.mx\/bienestar-<wbr \/>comunitario<\/a><\/p>\n<p dir=\"ltr\">Para mayor informaci\u00f3n comunicarse al 9102128 o bien, mandar mensaje directo a la p\u00e1gina oficial de facebook.<\/p>\n","protected":false},"excerpt":{"rendered":"<p>#informativoelvalledeaguascalientes #novaradioaguascalientes &nbsp; Las jornadas comprenden 4 proyectos que fortalecer\u00e1n de manera integral a las mujeres de Aguascalientes Ser\u00e1 totalmente gratuito y, de cursar los 4, se otorgar\u00e1 un certificado avalado ante la Red CONOCER y la SEP y 4 diplomas, uno por cada proyecto &nbsp; A trav\u00e9s del programa de Fortalecimiento a la Transversalidad [&hellip;]<\/p>\n","protected":false},"author":1,"featured_media":14277,"comment_status":"closed","ping_status":"open","sticky":false,"template":"","format":"standard","meta":{"advanced_seo_description":"","jetpack_seo_html_title":"","jetpack_seo_noindex":false,"_jetpack_memberships_contains_paid_content":false,"footnotes":"","jetpack_publicize_message":"","jetpack_publicize_feature_enabled":true,"jetpack_social_post_already_shared":true,"jetpack_social_options":{"image_generator_settings":{"template":"highway","default_image_id":0,"font":"","enabled":false},"version":2}},"categories":[21,4],"tags":[22,57],"class_list":["post-14276","post","type-post","status-publish","format-standard","has-post-thumbnail","hentry","category-aguascalientes","category-gobierno-del-estado-aguascalientes","tag-aguascalientes","tag-iam"],"jetpack_publicize_connections":[],"jetpack_featured_media_url":"https:\/\/i0.wp.com\/informativoelvalledeaguascalientes.online\/wp-content\/uploads\/2020\/12\/iam_03122020.jpg?fit=979%2C979&ssl=1","jetpack-related-posts":[],"jetpack_sharing_enabled":true,"jetpack_likes_enabled":true,"_links":{"self":[{"href":"https:\/\/informativoelvalledeaguascalientes.online\/index.php?rest_route=\/wp\/v2\/posts\/14276","targetHints":{"allow":["GET"]}}],"collection":[{"href":"https:\/\/informativoelvalledeaguascalientes.online\/index.php?rest_route=\/wp\/v2\/posts"}],"about":[{"href":"https:\/\/informativoelvalledeaguascalientes.online\/index.php?rest_route=\/wp\/v2\/types\/post"}],"author":[{"embeddable":true,"href":"https:\/\/informativoelvalledeaguascalientes.online\/index.php?rest_route=\/wp\/v2\/users\/1"}],"replies":[{"embeddable":true,"href":"https:\/\/informativoelvalledeaguascalientes.online\/index.php?rest_route=%2Fwp%2Fv2%2Fcomments&post=14276"}],"version-history":[{"count":1,"href":"https:\/\/informativoelvalledeaguascalientes.online\/index.php?rest_route=\/wp\/v2\/posts\/14276\/revisions"}],"predecessor-version":[{"id":14278,"href":"https:\/\/informativoelvalledeaguascalientes.online\/index.php?rest_route=\/wp\/v2\/posts\/14276\/revisions\/14278"}],"wp:featuredmedia":[{"embeddable":true,"href":"https:\/\/informativoelvalledeaguascalientes.online\/index.php?rest_route=\/wp\/v2\/media\/14277"}],"wp:attachment":[{"href":"https:\/\/informativoelvalledeaguascalientes.online\/index.php?rest_route=%2Fwp%2Fv2%2Fmedia&parent=14276"}],"wp:term":[{"taxonomy":"category","embeddable":true,"href":"https:\/\/informativoelvalledeaguascalientes.online\/index.php?rest_route=%2Fwp%2Fv2%2Fcategories&post=14276"},{"taxonomy":"post_tag","embeddable":true,"href":"https:\/\/informativoelvalledeaguascalientes.online\/index.php?rest_route=%2Fwp%2Fv2%2Ftags&post=14276"}],"curies":[{"name":"wp","href":"https:\/\/api.w.org\/{rel}","templated":true}]}}