{"id":14272,"date":"2020-12-04T20:40:58","date_gmt":"2020-12-05T02:40:58","guid":{"rendered":"https:\/\/informativoelvalledeaguascalientes.online\/?p=14272"},"modified":"2020-12-04T20:40:58","modified_gmt":"2020-12-05T02:40:58","slug":"la-uta-vincula-a-empresarios-y-academicos-del-corredor-interoceanico-con-la-experiencia-de-la-trayectoria-de-aguascalientes-como-centro-logistico-internacional","status":"publish","type":"post","link":"https:\/\/informativoelvalledeaguascalientes.online\/?p=14272","title":{"rendered":"LA UTA VINCULA A EMPRESARIOS Y ACAD\u00c9MICOS DEL CORREDOR INTEROCE\u00c1NICO CON LA EXPERIENCIA DE LA TRAYECTORIA DE AGUASCALIENTES COMO CENTRO LOG\u00cdSTICO INTERNACIONAL\u00a0"},"content":{"rendered":"<p style=\"font-weight: 400;\"><strong>\u00a0<\/strong>#informativoelvalledeaguascalientes<\/p>\n<p>#novaradioaguascalientes<\/p>\n<ul style=\"font-weight: 400;\">\n<li><strong><em>Se explora la integraci\u00f3n al proyecto de los egresados, el Modelo DUAL, y el trabajo de desarrollo e investigaci\u00f3n.\u00a0<\/em><\/strong><\/li>\n<li><strong><em>Las carreras de negocios y log\u00edstica tambi\u00e9n juegan un papel importante en el proyecto.\u00a0\u00a0<\/em><\/strong><\/li>\n<\/ul>\n<p style=\"font-weight: 400;\"><strong><em>\u00a0<\/em><\/strong><\/p>\n<p style=\"font-weight: 400;\">Representantes empresariales, empresarios y acad\u00e9micos de Oaxaca, que integran el proyecto del Corredor Interoce\u00e1nico Istmo de Tehuantepec, conocieron la trayectoria de Aguascalientes como centro log\u00edstico, desde sus inicios hasta hoy en d\u00eda en una presentaci\u00f3n que se llev\u00f3 a cabo en las instalaciones de la Universidad Tecnol\u00f3gica de Aguascalientes (UTA) con el prop\u00f3sito de integrar las pr\u00e1cticas exitosas de Aguascalientes a este proyecto de dimensi\u00f3n nacional, as\u00ed lo inform\u00f3 Guillermo Hern\u00e1ndez Duque, rector de la Instituci\u00f3n.<\/p>\n<p style=\"font-weight: 400;\">\n<p style=\"font-weight: 400;\">Agreg\u00f3 que la UTA est\u00e1 dando seguimiento a los trabajos de vinculaci\u00f3n que viene desarrollando desde el pasado mes de septiembre en este tema con el apoyo de la Secretar\u00eda de Desarrollo Econ\u00f3mico (SEDEC), y que el prop\u00f3sito es consolidar la participaci\u00f3n en proyectos de log\u00edstica para desarrollar negocios, integrando a empresarios, gobierno y academia.<\/p>\n<p style=\"font-weight: 400;\">\n<p style=\"font-weight: 400;\">Los representantes del proyecto del Istmo de Tehuantepec que participaron en esta jornada fueron: Yoahi Paola Rodr\u00edguez, rectora de la Universidad An\u00e1huac, campus Oaxaca e integrante de la mesa directiva de COPARMEX, Mart\u00edn Alberto Rodr\u00edguez y Miguel \u00c1ngel S\u00e1nchez, empresarios de Oaxaca.<\/p>\n<p style=\"font-weight: 400;\">En esta ocasi\u00f3n, se llevaron a cabo dos reuniones: una de manera presencial, donde participaron Eduardo Infante Priego, subsecretario de SEDEC, quien tuvo a su cargo la exposici\u00f3n del panorama econ\u00f3mico y social del estado; el Ing. Jaime Escalera Jim\u00e9nez, acad\u00e9mico e investigador de la UTA, que expuso los trabajos de investigaci\u00f3n que ha desarrollado en materia de log\u00edstica en el estado de Aguascalientes, as\u00ed como la directora de las carreras de Negocios, Administraci\u00f3n y Log\u00edstica Claudia Zerme\u00f1o.<\/p>\n<p style=\"font-weight: 400;\">\n<p style=\"font-weight: 400;\">En la segunda reuni\u00f3n se integraron a los primeros participantes, un grupo de empresarios de Aguascalientes y se llev\u00f3 a cabo en plataforma virtual.<\/p>\n<p style=\"font-weight: 400;\">\n<p style=\"font-weight: 400;\">Hern\u00e1ndez Duque explic\u00f3 que los empresarios y la acad\u00e9mica est\u00e1n conociendo el modelo que ha desarrollado Aguascalientes, para adaptarlo en el Corredor Interoce\u00e1nico, con el apoyo de la Universidad y la SEDEC, creando con ello oportunidades de negocios y aprovechando el nivel acad\u00e9mico y el talento de los j\u00f3venes hidroc\u00e1lidos, que dicho sea de paso, el Estado es reconocido por tener el 40% de su poblaci\u00f3n en edad laboral con estudios de nivel t\u00e9cnico y licenciatura y tambi\u00e9n por el talento de su capital humano.<\/p>\n","protected":false},"excerpt":{"rendered":"<p>\u00a0#informativoelvalledeaguascalientes #novaradioaguascalientes Se explora la integraci\u00f3n al proyecto de los egresados, el Modelo DUAL, y el trabajo de desarrollo e investigaci\u00f3n.\u00a0 Las carreras de negocios y log\u00edstica tambi\u00e9n juegan un papel importante en el proyecto.\u00a0\u00a0 \u00a0 Representantes empresariales, empresarios y acad\u00e9micos de Oaxaca, que integran el proyecto del Corredor Interoce\u00e1nico Istmo de Tehuantepec, conocieron la [&hellip;]<\/p>\n","protected":false},"author":1,"featured_media":14273,"comment_status":"closed","ping_status":"open","sticky":false,"template":"","format":"standard","meta":{"advanced_seo_description":"","jetpack_seo_html_title":"","jetpack_seo_noindex":false,"_jetpack_memberships_contains_paid_content":false,"footnotes":"","jetpack_publicize_message":"","jetpack_publicize_feature_enabled":true,"jetpack_social_post_already_shared":true,"jetpack_social_options":{"image_generator_settings":{"template":"highway","default_image_id":0,"font":"","enabled":false},"version":2}},"categories":[21,4],"tags":[22,104,28],"class_list":["post-14272","post","type-post","status-publish","format-standard","has-post-thumbnail","hentry","category-aguascalientes","category-gobierno-del-estado-aguascalientes","tag-aguascalientes","tag-sedec","tag-uta"],"jetpack_publicize_connections":[],"jetpack_featured_media_url":"https:\/\/i0.wp.com\/informativoelvalledeaguascalientes.online\/wp-content\/uploads\/2020\/12\/uta_13122020.jpg?fit=852%2C568&ssl=1","jetpack-related-posts":[],"jetpack_sharing_enabled":true,"jetpack_likes_enabled":true,"_links":{"self":[{"href":"https:\/\/informativoelvalledeaguascalientes.online\/index.php?rest_route=\/wp\/v2\/posts\/14272","targetHints":{"allow":["GET"]}}],"collection":[{"href":"https:\/\/informativoelvalledeaguascalientes.online\/index.php?rest_route=\/wp\/v2\/posts"}],"about":[{"href":"https:\/\/informativoelvalledeaguascalientes.online\/index.php?rest_route=\/wp\/v2\/types\/post"}],"author":[{"embeddable":true,"href":"https:\/\/informativoelvalledeaguascalientes.online\/index.php?rest_route=\/wp\/v2\/users\/1"}],"replies":[{"embeddable":true,"href":"https:\/\/informativoelvalledeaguascalientes.online\/index.php?rest_route=%2Fwp%2Fv2%2Fcomments&post=14272"}],"version-history":[{"count":1,"href":"https:\/\/informativoelvalledeaguascalientes.online\/index.php?rest_route=\/wp\/v2\/posts\/14272\/revisions"}],"predecessor-version":[{"id":14274,"href":"https:\/\/informativoelvalledeaguascalientes.online\/index.php?rest_route=\/wp\/v2\/posts\/14272\/revisions\/14274"}],"wp:featuredmedia":[{"embeddable":true,"href":"https:\/\/informativoelvalledeaguascalientes.online\/index.php?rest_route=\/wp\/v2\/media\/14273"}],"wp:attachment":[{"href":"https:\/\/informativoelvalledeaguascalientes.online\/index.php?rest_route=%2Fwp%2Fv2%2Fmedia&parent=14272"}],"wp:term":[{"taxonomy":"category","embeddable":true,"href":"https:\/\/informativoelvalledeaguascalientes.online\/index.php?rest_route=%2Fwp%2Fv2%2Fcategories&post=14272"},{"taxonomy":"post_tag","embeddable":true,"href":"https:\/\/informativoelvalledeaguascalientes.online\/index.php?rest_route=%2Fwp%2Fv2%2Ftags&post=14272"}],"curies":[{"name":"wp","href":"https:\/\/api.w.org\/{rel}","templated":true}]}}